{"id":10388,"date":"2024-05-07T08:21:38","date_gmt":"2024-05-07T08:21:38","guid":{"rendered":"https:\/\/digitalforyouth.be\/?p=10388"},"modified":"2024-05-07T09:04:19","modified_gmt":"2024-05-07T09:04:19","slug":"partner-behaalt-b-corp-certificaat","status":"publish","type":"post","link":"https:\/\/digitalforyouth.be\/fr\/un-partenaire-obtient-le-certificat-b-corp\/","title":{"rendered":"Un partenaire obtient le certificat B Corp."},"content":{"rendered":"<div data-elementor-type=\"wp-post\" data-elementor-id=\"10388\" class=\"elementor elementor-10388\" data-elementor-post-type=\"post\">\n\t\t\t\t\t\t<section class=\"elementor-section elementor-top-section elementor-element elementor-element-d4a312f elementor-section-content-middle elementor-reverse-mobile elementor-section-boxed elementor-section-height-default elementor-section-height-default\" data-id=\"d4a312f\" data-element_type=\"section\" data-e-type=\"section\" data-settings=\"{&quot;background_background&quot;:&quot;gradient&quot;}\">\n\t\t\t\t\t\t<div class=\"elementor-container elementor-column-gap-default\">\n\t\t\t\t\t<div class=\"elementor-column elementor-col-50 elementor-top-column elementor-element elementor-element-e38cde8\" data-id=\"e38cde8\" data-element_type=\"column\" data-e-type=\"column\" data-settings=\"{&quot;background_background&quot;:&quot;classic&quot;}\">\n\t\t\t<div class=\"elementor-widget-wrap elementor-element-populated\">\n\t\t\t\t\t\t<div class=\"elementor-element elementor-element-196fcf5 elementor-widget__width-initial elementor-widget elementor-widget-heading\" data-id=\"196fcf5\" data-element_type=\"widget\" data-e-type=\"widget\" data-widget_type=\"heading.default\">\n\t\t\t\t<div class=\"elementor-widget-container\">\n\t\t\t\t\t<h2 class=\"elementor-heading-title elementor-size-default\">Un partenaire obtient le certificat B Corp.<\/h2>\t\t\t\t<\/div>\n\t\t\t\t<\/div>\n\t\t\t\t<div class=\"elementor-element elementor-element-d41f3e9 elementor-widget elementor-widget-text-editor\" data-id=\"d41f3e9\" data-element_type=\"widget\" data-e-type=\"widget\" data-widget_type=\"text-editor.default\">\n\t\t\t\t<div class=\"elementor-widget-container\">\n\t\t\t\t\t\t\t\t\t<p class=\"translation-block\">Digital for Youth travaille en \u00e9troite collaboration avec <a href=\"https:\/\/circularitgroup.com\/\" target=\"_self\">Circular IT group<\/a> Belgique (<a href=\"https:\/\/ctgcircular.com\/\" target=\"_self\">CTG Circular<\/a>) pour remettre \u00e0 neuf le mat\u00e9riel informatique qui nous est offert. Circular IT group Belgique collecte ce mat\u00e9riel, s'assure que les donn\u00e9es sont correctement effac\u00e9es et restaure ce qui est encore utilisable (c\u2019est ce que l\u2019on appelle une remise \u00e0 neuf). Ils veillent \u00e0 ce que les ordinateurs portables collect\u00e9s soient pr\u00e9par\u00e9s afin que nous puissions les distribuer aux organisations de jeunesse. <\/span><\/p><p>\u00a0<\/p><p class=\"translation-block\">L'entreprise est fortement engag\u00e9 dans le d\u00e9veloppement durable. Son travail acharn\u00e9 lui a permis d'obtenir la certification <a href=\"https:\/\/www.bcorporation.net\/en-us\/\" target=\"_self\">B Corp<\/a>.<\/p>\t\t\t\t\t\t\t\t<\/div>\n\t\t\t\t<\/div>\n\t\t\t\t\t<\/div>\n\t\t<\/div>\n\t\t\t\t<div class=\"elementor-column elementor-col-50 elementor-top-column elementor-element elementor-element-b7ae4a7\" data-id=\"b7ae4a7\" data-element_type=\"column\" data-e-type=\"column\" data-settings=\"{&quot;background_background&quot;:&quot;gradient&quot;}\">\n\t\t\t<div class=\"elementor-widget-wrap elementor-element-populated\">\n\t\t\t\t\t\t<div class=\"elementor-element elementor-element-3fa564b kk-img elementor-widget elementor-widget-image\" data-id=\"3fa564b\" data-element_type=\"widget\" data-e-type=\"widget\" data-widget_type=\"image.default\">\n\t\t\t\t<div class=\"elementor-widget-container\">\n\t\t\t\t\t\t\t\t\t\t\t\t<figure class=\"wp-caption\">\n\t\t\t\t\t\t\t\t\t\t<img fetchpriority=\"high\" decoding=\"async\" width=\"2560\" height=\"1707\" src=\"https:\/\/digitalforyouth.be\/wp-content\/uploads\/2024\/05\/DSC00106-scaled.jpg\" class=\"attachment-full size-full wp-image-10389\" alt=\"\" srcset=\"https:\/\/digitalforyouth.be\/wp-content\/uploads\/2024\/05\/DSC00106-scaled.jpg 2560w, https:\/\/digitalforyouth.be\/wp-content\/uploads\/2024\/05\/DSC00106-300x200.jpg 300w, https:\/\/digitalforyouth.be\/wp-content\/uploads\/2024\/05\/DSC00106-1024x683.jpg 1024w, https:\/\/digitalforyouth.be\/wp-content\/uploads\/2024\/05\/DSC00106-768x512.jpg 768w, https:\/\/digitalforyouth.be\/wp-content\/uploads\/2024\/05\/DSC00106-1536x1024.jpg 1536w, https:\/\/digitalforyouth.be\/wp-content\/uploads\/2024\/05\/DSC00106-2048x1365.jpg 2048w, https:\/\/digitalforyouth.be\/wp-content\/uploads\/2024\/05\/DSC00106-18x12.jpg 18w\" sizes=\"(max-width: 2560px) 100vw, 2560px\" \/>\t\t\t\t\t\t\t\t\t\t\t<figcaption class=\"widget-image-caption wp-caption-text\"><\/figcaption>\n\t\t\t\t\t\t\t\t\t\t<\/figure>\n\t\t\t\t\t\t\t\t\t<\/div>\n\t\t\t\t<\/div>\n\t\t\t\t\t<\/div>\n\t\t<\/div>\n\t\t\t\t\t<\/div>\n\t\t<\/section>\n\t\t\t\t<section class=\"elementor-section elementor-top-section elementor-element elementor-element-cb0a4c6 elementor-section-boxed elementor-section-height-default elementor-section-height-default\" data-id=\"cb0a4c6\" data-element_type=\"section\" data-e-type=\"section\">\n\t\t\t\t\t\t<div class=\"elementor-container elementor-column-gap-default\">\n\t\t\t\t\t<div class=\"elementor-column elementor-col-100 elementor-top-column elementor-element elementor-element-08e6270\" data-id=\"08e6270\" data-element_type=\"column\" data-e-type=\"column\">\n\t\t\t<div class=\"elementor-widget-wrap elementor-element-populated\">\n\t\t\t\t\t\t<div class=\"elementor-element elementor-element-6a93c6b elementor-widget__width-initial elementor-widget elementor-widget-text-editor\" data-id=\"6a93c6b\" data-element_type=\"widget\" data-e-type=\"widget\" data-widget_type=\"text-editor.default\">\n\t\t\t\t<div class=\"elementor-widget-container\">\n\t\t\t\t\t\t\t\t\t<p class=\"translation-block\">Pour ceux qui ne connaissent pas encore Circular IT group Belgique, sachez que l'entreprise offre <strong>une solution durable pour le mat\u00e9riel TIC usag\u00e9<\/strong>. Nos dons informatiques sont entre de bonnes mains chez Circular IT group Belgique. L'entreprise travaille avec <a href=\"https:\/\/www.blancco.com\/\" target=\"_self\">BLANCCO<\/a>, un logiciel d'effacement de donn\u00e9es, qui fournit un certificat confirmant l'effacement des donn\u00e9es. Gr\u00e2ce \u00e0 ce <strong>guichet unique<\/strong>, tous les types de mat\u00e9riel informatique sont les bienvenus. Le mat\u00e9riel encore utilisable est r\u00e9cup\u00e9r\u00e9. Le mat\u00e9riel qui n'est plus utilisable est recycl\u00e9 de mani\u00e8re \u00e9cologique. La circularit\u00e9 est toujours au centre des pr\u00e9occupations.<\/p>\t\t\t\t\t\t\t\t<\/div>\n\t\t\t\t<\/div>\n\t\t\t\t<div class=\"elementor-element elementor-element-2e1978b elementor-widget-tablet__width-initial elementor-widget__width-initial elementor-widget elementor-widget-image\" data-id=\"2e1978b\" data-element_type=\"widget\" data-e-type=\"widget\" data-widget_type=\"image.default\">\n\t\t\t\t<div class=\"elementor-widget-container\">\n\t\t\t\t\t\t\t\t\t\t\t\t\t\t\t<img decoding=\"async\" width=\"640\" height=\"357\" src=\"https:\/\/digitalforyouth.be\/wp-content\/uploads\/2024\/05\/Foto-CTG-groep-1024x571.jpeg\" class=\"attachment-large size-large wp-image-10400\" alt=\"\" srcset=\"https:\/\/digitalforyouth.be\/wp-content\/uploads\/2024\/05\/Foto-CTG-groep-1024x571.jpeg 1024w, https:\/\/digitalforyouth.be\/wp-content\/uploads\/2024\/05\/Foto-CTG-groep-300x167.jpeg 300w, https:\/\/digitalforyouth.be\/wp-content\/uploads\/2024\/05\/Foto-CTG-groep-768x429.jpeg 768w, https:\/\/digitalforyouth.be\/wp-content\/uploads\/2024\/05\/Foto-CTG-groep-18x10.jpeg 18w, https:\/\/digitalforyouth.be\/wp-content\/uploads\/2024\/05\/Foto-CTG-groep.jpeg 1179w\" sizes=\"(max-width: 640px) 100vw, 640px\" \/>\t\t\t\t\t\t\t\t\t\t\t\t\t\t\t<\/div>\n\t\t\t\t<\/div>\n\t\t\t\t<section class=\"elementor-section elementor-inner-section elementor-element elementor-element-bdc6acc elementor-section-boxed elementor-section-height-default elementor-section-height-default\" data-id=\"bdc6acc\" data-element_type=\"section\" data-e-type=\"section\">\n\t\t\t\t\t\t<div class=\"elementor-container elementor-column-gap-default\">\n\t\t\t\t\t<div class=\"elementor-column elementor-col-100 elementor-inner-column elementor-element elementor-element-212f86c\" data-id=\"212f86c\" data-element_type=\"column\" data-e-type=\"column\">\n\t\t\t<div class=\"elementor-widget-wrap elementor-element-populated\">\n\t\t\t\t\t\t<div class=\"elementor-element elementor-element-854b95e elementor-widget__width-initial elementor-widget elementor-widget-heading\" data-id=\"854b95e\" data-element_type=\"widget\" data-e-type=\"widget\" data-widget_type=\"heading.default\">\n\t\t\t\t<div class=\"elementor-widget-container\">\n\t\t\t\t\t<h3 class=\"elementor-heading-title elementor-size-default\">Efforts r\u00e9compens\u00e9s.<\/h3>\t\t\t\t<\/div>\n\t\t\t\t<\/div>\n\t\t\t\t<div class=\"elementor-element elementor-element-9a3b153 elementor-widget__width-initial elementor-widget elementor-widget-text-editor\" data-id=\"9a3b153\" data-element_type=\"widget\" data-e-type=\"widget\" data-widget_type=\"text-editor.default\">\n\t\t\t\t<div class=\"elementor-widget-container\">\n\t\t\t\t\t\t\t\t\t<p>En tant qu'administrateur d\u00e9l\u00e9gu\u00e9 de l'entreprise, Didier Appels est tr\u00e8s fier des progr\u00e8s accomplis. \u00ab Notre soci\u00e9t\u00e9 a toujours fait de grandes choses. Mais il \u00e9tait souvent difficile de donner une certaine visibilit\u00e9 \u00e0 nos efforts et \u00e0 notre impact\", explique-t-il.<\/p>\t\t\t\t\t\t\t\t<\/div>\n\t\t\t\t<\/div>\n\t\t\t\t<div class=\"elementor-element elementor-element-59db6ad elementor-widget__width-initial elementor-widget elementor-widget-text-editor\" data-id=\"59db6ad\" data-element_type=\"widget\" data-e-type=\"widget\" data-widget_type=\"text-editor.default\">\n\t\t\t\t<div class=\"elementor-widget-container\">\n\t\t\t\t\t\t\t\t\t<p>\u00ab L'une de nos \u00e9tapes les plus r\u00e9centes a \u00e9t\u00e9 l'obtention du certificat B Corp. Ce certificat est d\u00e9cern\u00e9 aux entreprises qui respectent des normes rigoureuses en mati\u00e8re de performances sociales et environnementales, de transparence et de responsabilit\u00e9\", poursuit-il. \u00ab Ce certificat est la reconnaissance de nos efforts pour produire un impact positif sur nos employ\u00e9s, la communaut\u00e9, l'environnement et nos clients \u00bb.<\/p>\t\t\t\t\t\t\t\t<\/div>\n\t\t\t\t<\/div>\n\t\t\t\t\t<\/div>\n\t\t<\/div>\n\t\t\t\t\t<\/div>\n\t\t<\/section>\n\t\t\t\t<section class=\"elementor-section elementor-inner-section elementor-element elementor-element-f86daff elementor-section-boxed elementor-section-height-default elementor-section-height-default\" data-id=\"f86daff\" data-element_type=\"section\" data-e-type=\"section\">\n\t\t\t\t\t\t<div class=\"elementor-container elementor-column-gap-default\">\n\t\t\t\t\t<div class=\"elementor-column elementor-col-100 elementor-inner-column elementor-element elementor-element-dd504d7\" data-id=\"dd504d7\" data-element_type=\"column\" data-e-type=\"column\">\n\t\t\t<div class=\"elementor-widget-wrap elementor-element-populated\">\n\t\t\t\t\t\t<div class=\"elementor-element elementor-element-eb3c719 elementor-widget__width-initial elementor-widget elementor-widget-heading\" data-id=\"eb3c719\" data-element_type=\"widget\" data-e-type=\"widget\" data-widget_type=\"heading.default\">\n\t\t\t\t<div class=\"elementor-widget-container\">\n\t\t\t\t\t<h3 class=\"elementor-heading-title elementor-size-default\">Les parties prenantes au coeur des pr\u00e9occupations.<\/h3>\t\t\t\t<\/div>\n\t\t\t\t<\/div>\n\t\t\t\t<div class=\"elementor-element elementor-element-02ced01 elementor-widget__width-initial elementor-widget elementor-widget-text-editor\" data-id=\"02ced01\" data-element_type=\"widget\" data-e-type=\"widget\" data-widget_type=\"text-editor.default\">\n\t\t\t\t<div class=\"elementor-widget-container\">\n\t\t\t\t\t\t\t\t\t<p>\u00ab En tant qu\u2019entreprise certifi\u00e9e B Corp, nous mettons l'accent non seulement sur les b\u00e9n\u00e9fices pour les actionnaires, mais aussi sur le bien-\u00eatre de toutes les parties prenantes : les autorit\u00e9s locales, l'environnement, les clients et le personnel. Cela n\u00e9cessite une vision objective de nos activit\u00e9s et un effort continu pour am\u00e9liorer notre impact\", explique Didier. L'obtention du certificat B Corp n'a \u00e9videmment pas \u00e9t\u00e9 une t\u00e2che facile. Nous avons d\u00fb r\u00e9pondre \u00e0 des exigences strictes dans plusieurs domaines. Il s'agissait notamment de d\u00e9montrer des actions concr\u00e8tes et de fournir des documents d\u00e9taill\u00e9s<\/p>\t\t\t\t\t\t\t\t<\/div>\n\t\t\t\t<\/div>\n\t\t\t\t<div class=\"elementor-element elementor-element-6bc427e elementor-widget-tablet__width-initial elementor-widget__width-initial elementor-widget elementor-widget-image\" data-id=\"6bc427e\" data-element_type=\"widget\" data-e-type=\"widget\" data-widget_type=\"image.default\">\n\t\t\t\t<div class=\"elementor-widget-container\">\n\t\t\t\t\t\t\t\t\t\t\t\t\t\t\t<img decoding=\"async\" width=\"640\" height=\"427\" src=\"https:\/\/digitalforyouth.be\/wp-content\/uploads\/2024\/05\/DSC00091-1024x683.jpg\" class=\"attachment-large size-large wp-image-10404\" alt=\"\" srcset=\"https:\/\/digitalforyouth.be\/wp-content\/uploads\/2024\/05\/DSC00091-1024x683.jpg 1024w, https:\/\/digitalforyouth.be\/wp-content\/uploads\/2024\/05\/DSC00091-300x200.jpg 300w, https:\/\/digitalforyouth.be\/wp-content\/uploads\/2024\/05\/DSC00091-768x512.jpg 768w, https:\/\/digitalforyouth.be\/wp-content\/uploads\/2024\/05\/DSC00091-1536x1024.jpg 1536w, https:\/\/digitalforyouth.be\/wp-content\/uploads\/2024\/05\/DSC00091-2048x1365.jpg 2048w, https:\/\/digitalforyouth.be\/wp-content\/uploads\/2024\/05\/DSC00091-18x12.jpg 18w\" sizes=\"(max-width: 640px) 100vw, 640px\" \/>\t\t\t\t\t\t\t\t\t\t\t\t\t\t\t<\/div>\n\t\t\t\t<\/div>\n\t\t\t\t<div class=\"elementor-element elementor-element-bb96bc1 elementor-widget__width-initial elementor-widget elementor-widget-text-editor\" data-id=\"bb96bc1\" data-element_type=\"widget\" data-e-type=\"widget\" data-widget_type=\"text-editor.default\">\n\t\t\t\t<div class=\"elementor-widget-container\">\n\t\t\t\t\t\t\t\t\t<p>L'obtention du certificat B Corp confirme l'engagement de Circular IT group Belgique en mati\u00e8re de d\u00e9veloppement durable et de responsabilit\u00e9 sociale. \u00ab Il montre que nous faisons ce qu'il faut et il suscite un sentiment de fiert\u00e9, tant au sein de notre entreprise que parmi nos clients et partenaires. Cela nous motive et nous incite \u00e0 poursuivre nos efforts et \u00e0 accro\u00eetre encore notre impact \u00bb<\/p>\t\t\t\t\t\t\t\t<\/div>\n\t\t\t\t<\/div>\n\t\t\t\t\t<\/div>\n\t\t<\/div>\n\t\t\t\t\t<\/div>\n\t\t<\/section>\n\t\t\t\t<section class=\"elementor-section elementor-inner-section elementor-element elementor-element-2db941d elementor-section-boxed elementor-section-height-default elementor-section-height-default\" data-id=\"2db941d\" data-element_type=\"section\" data-e-type=\"section\">\n\t\t\t\t\t\t<div class=\"elementor-container elementor-column-gap-default\">\n\t\t\t\t\t<div class=\"elementor-column elementor-col-100 elementor-inner-column elementor-element elementor-element-fe0b54a\" data-id=\"fe0b54a\" data-element_type=\"column\" data-e-type=\"column\">\n\t\t\t<div class=\"elementor-widget-wrap elementor-element-populated\">\n\t\t\t\t\t\t<div class=\"elementor-element elementor-element-acfbeaf elementor-widget__width-initial elementor-widget elementor-widget-heading\" data-id=\"acfbeaf\" data-element_type=\"widget\" data-e-type=\"widget\" data-widget_type=\"heading.default\">\n\t\t\t\t<div class=\"elementor-widget-container\">\n\t\t\t\t\t<h3 class=\"elementor-heading-title elementor-size-default\">Et ce n\u2019est pas fini !<\/h3>\t\t\t\t<\/div>\n\t\t\t\t<\/div>\n\t\t\t\t<div class=\"elementor-element elementor-element-f7cbf74 elementor-widget__width-initial elementor-widget elementor-widget-text-editor\" data-id=\"f7cbf74\" data-element_type=\"widget\" data-e-type=\"widget\" data-widget_type=\"text-editor.default\">\n\t\t\t\t<div class=\"elementor-widget-container\">\n\t\t\t\t\t\t\t\t\t<p>\u00ab Si l'obtention du certificat B Corp est une \u00e9tape importante, nous sommes loin d'avoir termin\u00e9 notre voyage vers le d\u00e9veloppement durable \u00bb, poursuit Didier. \u00ab Nous restons bien d\u00e9cid\u00e9s \u00e0 recycler, \u00e0 rendre nos mat\u00e9riaux de transport et d'emballage plus durables, \u00e0 am\u00e9liorer notre infrastructure, ... et bien d'autres choses encore ! Nous tenons \u00e9galement \u00e0 sensibiliser le public \u00e0 la durabilit\u00e9 au sein de notre secteur et au-del\u00e0. \u00bb<\/p>\t\t\t\t\t\t\t\t<\/div>\n\t\t\t\t<\/div>\n\t\t\t\t<div class=\"elementor-element elementor-element-42b3614 elementor-widget__width-initial elementor-widget elementor-widget-text-editor\" data-id=\"42b3614\" data-element_type=\"widget\" data-e-type=\"widget\" data-widget_type=\"text-editor.default\">\n\t\t\t\t<div class=\"elementor-widget-container\">\n\t\t\t\t\t\t\t\t\t<p class=\"translation-block\">Consultez <a href=\"https:\/\/www.bcorporation.net\/en-us\/find-a-b-corp\/company\/c-t-g-circular-b-v\/\" target=\"_self\">ici<\/a> le rapport B Corp complet de Circular IT group Belgium (CTG Circular).<\/p>\t\t\t\t\t\t\t\t<\/div>\n\t\t\t\t<\/div>\n\t\t\t\t<div class=\"elementor-element elementor-element-f481318 elementor-widget-tablet__width-initial elementor-widget__width-initial elementor-widget elementor-widget-image\" data-id=\"f481318\" data-element_type=\"widget\" data-e-type=\"widget\" data-widget_type=\"image.default\">\n\t\t\t\t<div class=\"elementor-widget-container\">\n\t\t\t\t\t\t\t\t\t\t\t\t\t\t\t<img loading=\"lazy\" decoding=\"async\" width=\"640\" height=\"360\" src=\"https:\/\/digitalforyouth.be\/wp-content\/uploads\/2021\/12\/Logo_CircularITGtoup_Omgezet-1024x576.png\" class=\"attachment-large size-large wp-image-9524\" alt=\"\" srcset=\"https:\/\/digitalforyouth.be\/wp-content\/uploads\/2021\/12\/Logo_CircularITGtoup_Omgezet-1024x576.png 1024w, https:\/\/digitalforyouth.be\/wp-content\/uploads\/2021\/12\/Logo_CircularITGtoup_Omgezet-300x169.png 300w, https:\/\/digitalforyouth.be\/wp-content\/uploads\/2021\/12\/Logo_CircularITGtoup_Omgezet-768x432.png 768w, https:\/\/digitalforyouth.be\/wp-content\/uploads\/2021\/12\/Logo_CircularITGtoup_Omgezet-18x10.png 18w, https:\/\/digitalforyouth.be\/wp-content\/uploads\/2021\/12\/Logo_CircularITGtoup_Omgezet.png 1280w\" sizes=\"(max-width: 640px) 100vw, 640px\" \/>\t\t\t\t\t\t\t\t\t\t\t\t\t\t\t<\/div>\n\t\t\t\t<\/div>\n\t\t\t\t\t<\/div>\n\t\t<\/div>\n\t\t\t\t\t<\/div>\n\t\t<\/section>\n\t\t\t\t\t<\/div>\n\t\t<\/div>\n\t\t\t\t\t<\/div>\n\t\t<\/section>\n\t\t\t\t<\/div>","protected":false},"excerpt":{"rendered":"<p>Notre partenaire (Circular IT group Belgique) est fortement engag\u00e9 dans le d\u00e9veloppement durable. Son travail acharn\u00e9 lui a permis d'obtenir la certification B Corp.<\/p>","protected":false},"author":11,"featured_media":10389,"comment_status":"closed","ping_status":"closed","sticky":false,"template":"","format":"standard","meta":{"_acf_changed":false,"footnotes":""},"categories":[1],"tags":[],"class_list":["post-10388","post","type-post","status-publish","format-standard","has-post-thumbnail","hentry","category-uncategorized"],"acf":[],"yoast_head":"<!-- This site is optimized with the Yoast SEO plugin v27.5 - https:\/\/yoast.com\/product\/yoast-seo-wordpress\/ -->\n<title>Partner behaalt B Corp certificaat. - Digital for Youth<\/title>\n<meta name=\"description\" content=\"Onze partner (Circular IT group Belgi\u00eb) zet sterk in op duurzaamheid. Het harde werk resulteerde in het behalen van het B Corp certificaat.\" \/>\n<meta name=\"robots\" content=\"index, follow, max-snippet:-1, max-image-preview:large, max-video-preview:-1\" \/>\n<link rel=\"canonical\" href=\"https:\/\/digitalforyouth.be\/fr\/un-partenaire-obtient-le-certificat-b-corp\/\" \/>\n<meta property=\"og:locale\" content=\"fr_FR\" \/>\n<meta property=\"og:type\" content=\"article\" \/>\n<meta property=\"og:title\" content=\"Partner behaalt B Corp certificaat. - Digital for Youth\" \/>\n<meta property=\"og:description\" content=\"Onze partner (Circular IT group Belgi\u00eb) zet sterk in op duurzaamheid. Het harde werk resulteerde in het behalen van het B Corp certificaat.\" \/>\n<meta property=\"og:url\" content=\"https:\/\/digitalforyouth.be\/fr\/un-partenaire-obtient-le-certificat-b-corp\/\" \/>\n<meta property=\"og:site_name\" content=\"Digital for Youth\" \/>\n<meta property=\"article:published_time\" content=\"2024-05-07T08:21:38+00:00\" \/>\n<meta property=\"article:modified_time\" content=\"2024-05-07T09:04:19+00:00\" \/>\n<meta property=\"og:image\" content=\"https:\/\/digitalforyouth.be\/wp-content\/uploads\/2024\/05\/DSC00106-scaled.jpg\" \/>\n\t<meta property=\"og:image:width\" content=\"2560\" \/>\n\t<meta property=\"og:image:height\" content=\"1707\" \/>\n\t<meta property=\"og:image:type\" content=\"image\/jpeg\" \/>\n<meta name=\"author\" content=\"Romi Schlatzke\" \/>\n<meta name=\"twitter:card\" content=\"summary_large_image\" \/>\n<meta name=\"twitter:label1\" content=\"\u00c9crit par\" \/>\n\t<meta name=\"twitter:data1\" content=\"Romi Schlatzke\" \/>\n\t<meta name=\"twitter:label2\" content=\"Dur\u00e9e de lecture est.\" \/>\n\t<meta name=\"twitter:data2\" content=\"3 minutes\" \/>\n<script type=\"application\/ld+json\" class=\"yoast-schema-graph\">{\"@context\":\"https:\\\/\\\/schema.org\",\"@graph\":[{\"@type\":\"Article\",\"@id\":\"https:\\\/\\\/digitalforyouth.be\\\/partner-behaalt-b-corp-certificaat\\\/#article\",\"isPartOf\":{\"@id\":\"https:\\\/\\\/digitalforyouth.be\\\/partner-behaalt-b-corp-certificaat\\\/\"},\"author\":{\"name\":\"Romi Schlatzke\",\"@id\":\"https:\\\/\\\/digitalforyouth.be\\\/#\\\/schema\\\/person\\\/0f3d0c1b593cc5c3c6f5527170fd2dee\"},\"headline\":\"Partner behaalt B Corp certificaat.\",\"datePublished\":\"2024-05-07T08:21:38+00:00\",\"dateModified\":\"2024-05-07T09:04:19+00:00\",\"mainEntityOfPage\":{\"@id\":\"https:\\\/\\\/digitalforyouth.be\\\/partner-behaalt-b-corp-certificaat\\\/\"},\"wordCount\":489,\"image\":{\"@id\":\"https:\\\/\\\/digitalforyouth.be\\\/partner-behaalt-b-corp-certificaat\\\/#primaryimage\"},\"thumbnailUrl\":\"https:\\\/\\\/digitalforyouth.be\\\/wp-content\\\/uploads\\\/2024\\\/05\\\/DSC00106-scaled.jpg\",\"articleSection\":[\"Uncategorized\"],\"inLanguage\":\"fr-BE\"},{\"@type\":\"WebPage\",\"@id\":\"https:\\\/\\\/digitalforyouth.be\\\/partner-behaalt-b-corp-certificaat\\\/\",\"url\":\"https:\\\/\\\/digitalforyouth.be\\\/partner-behaalt-b-corp-certificaat\\\/\",\"name\":\"Partner behaalt B Corp certificaat. - Digital for Youth\",\"isPartOf\":{\"@id\":\"https:\\\/\\\/digitalforyouth.be\\\/#website\"},\"primaryImageOfPage\":{\"@id\":\"https:\\\/\\\/digitalforyouth.be\\\/partner-behaalt-b-corp-certificaat\\\/#primaryimage\"},\"image\":{\"@id\":\"https:\\\/\\\/digitalforyouth.be\\\/partner-behaalt-b-corp-certificaat\\\/#primaryimage\"},\"thumbnailUrl\":\"https:\\\/\\\/digitalforyouth.be\\\/wp-content\\\/uploads\\\/2024\\\/05\\\/DSC00106-scaled.jpg\",\"datePublished\":\"2024-05-07T08:21:38+00:00\",\"dateModified\":\"2024-05-07T09:04:19+00:00\",\"author\":{\"@id\":\"https:\\\/\\\/digitalforyouth.be\\\/#\\\/schema\\\/person\\\/0f3d0c1b593cc5c3c6f5527170fd2dee\"},\"description\":\"Onze partner (Circular IT group Belgi\u00eb) zet sterk in op duurzaamheid. Het harde werk resulteerde in het behalen van het B Corp certificaat.\",\"breadcrumb\":{\"@id\":\"https:\\\/\\\/digitalforyouth.be\\\/partner-behaalt-b-corp-certificaat\\\/#breadcrumb\"},\"inLanguage\":\"fr-BE\",\"potentialAction\":[{\"@type\":\"ReadAction\",\"target\":[\"https:\\\/\\\/digitalforyouth.be\\\/partner-behaalt-b-corp-certificaat\\\/\"]}]},{\"@type\":\"ImageObject\",\"inLanguage\":\"fr-BE\",\"@id\":\"https:\\\/\\\/digitalforyouth.be\\\/partner-behaalt-b-corp-certificaat\\\/#primaryimage\",\"url\":\"https:\\\/\\\/digitalforyouth.be\\\/wp-content\\\/uploads\\\/2024\\\/05\\\/DSC00106-scaled.jpg\",\"contentUrl\":\"https:\\\/\\\/digitalforyouth.be\\\/wp-content\\\/uploads\\\/2024\\\/05\\\/DSC00106-scaled.jpg\",\"width\":2560,\"height\":1707},{\"@type\":\"BreadcrumbList\",\"@id\":\"https:\\\/\\\/digitalforyouth.be\\\/partner-behaalt-b-corp-certificaat\\\/#breadcrumb\",\"itemListElement\":[{\"@type\":\"ListItem\",\"position\":1,\"name\":\"Home\",\"item\":\"https:\\\/\\\/digitalforyouth.be\\\/\"},{\"@type\":\"ListItem\",\"position\":2,\"name\":\"Partner behaalt B Corp certificaat.\"}]},{\"@type\":\"WebSite\",\"@id\":\"https:\\\/\\\/digitalforyouth.be\\\/#website\",\"url\":\"https:\\\/\\\/digitalforyouth.be\\\/\",\"name\":\"Digital for Youth\",\"description\":\"\",\"potentialAction\":[{\"@type\":\"SearchAction\",\"target\":{\"@type\":\"EntryPoint\",\"urlTemplate\":\"https:\\\/\\\/digitalforyouth.be\\\/?s={search_term_string}\"},\"query-input\":{\"@type\":\"PropertyValueSpecification\",\"valueRequired\":true,\"valueName\":\"search_term_string\"}}],\"inLanguage\":\"fr-BE\"},{\"@type\":\"Person\",\"@id\":\"https:\\\/\\\/digitalforyouth.be\\\/#\\\/schema\\\/person\\\/0f3d0c1b593cc5c3c6f5527170fd2dee\",\"name\":\"Romi Schlatzke\",\"image\":{\"@type\":\"ImageObject\",\"inLanguage\":\"fr-BE\",\"@id\":\"https:\\\/\\\/secure.gravatar.com\\\/avatar\\\/6a0ff103fe4c8a1af81d400dd270ae58adc330cd5e253836e735646f0aaafdf5?s=96&d=mm&r=g\",\"url\":\"https:\\\/\\\/secure.gravatar.com\\\/avatar\\\/6a0ff103fe4c8a1af81d400dd270ae58adc330cd5e253836e735646f0aaafdf5?s=96&d=mm&r=g\",\"contentUrl\":\"https:\\\/\\\/secure.gravatar.com\\\/avatar\\\/6a0ff103fe4c8a1af81d400dd270ae58adc330cd5e253836e735646f0aaafdf5?s=96&d=mm&r=g\",\"caption\":\"Romi Schlatzke\"}}]}<\/script>\n<!-- \/ Yoast SEO plugin. -->","yoast_head_json":{"title":"Partner behaalt B Corp certificaat. - Digital for Youth","description":"Notre partenaire (Circular IT group Belgique) est fortement engag\u00e9 dans le d\u00e9veloppement durable. Son travail acharn\u00e9 lui a permis d'obtenir la certification B Corp.","robots":{"index":"index","follow":"follow","max-snippet":"max-snippet:-1","max-image-preview":"max-image-preview:large","max-video-preview":"max-video-preview:-1"},"canonical":"https:\/\/digitalforyouth.be\/fr\/un-partenaire-obtient-le-certificat-b-corp\/","og_locale":"fr_FR","og_type":"article","og_title":"Partner behaalt B Corp certificaat. - Digital for Youth","og_description":"Onze partner (Circular IT group Belgi\u00eb) zet sterk in op duurzaamheid. Het harde werk resulteerde in het behalen van het B Corp certificaat.","og_url":"https:\/\/digitalforyouth.be\/fr\/un-partenaire-obtient-le-certificat-b-corp\/","og_site_name":"Digital for Youth","article_published_time":"2024-05-07T08:21:38+00:00","article_modified_time":"2024-05-07T09:04:19+00:00","og_image":[{"width":2560,"height":1707,"url":"https:\/\/digitalforyouth.be\/wp-content\/uploads\/2024\/05\/DSC00106-scaled.jpg","type":"image\/jpeg"}],"author":"Romi Schlatzke","twitter_card":"summary_large_image","twitter_misc":{"\u00c9crit par":"Romi Schlatzke","Dur\u00e9e de lecture est.":"3 minutes"},"schema":{"@context":"https:\/\/schema.org","@graph":[{"@type":"Article","@id":"https:\/\/digitalforyouth.be\/partner-behaalt-b-corp-certificaat\/#article","isPartOf":{"@id":"https:\/\/digitalforyouth.be\/partner-behaalt-b-corp-certificaat\/"},"author":{"name":"Romi Schlatzke","@id":"https:\/\/digitalforyouth.be\/#\/schema\/person\/0f3d0c1b593cc5c3c6f5527170fd2dee"},"headline":"Partner behaalt B Corp certificaat.","datePublished":"2024-05-07T08:21:38+00:00","dateModified":"2024-05-07T09:04:19+00:00","mainEntityOfPage":{"@id":"https:\/\/digitalforyouth.be\/partner-behaalt-b-corp-certificaat\/"},"wordCount":489,"image":{"@id":"https:\/\/digitalforyouth.be\/partner-behaalt-b-corp-certificaat\/#primaryimage"},"thumbnailUrl":"https:\/\/digitalforyouth.be\/wp-content\/uploads\/2024\/05\/DSC00106-scaled.jpg","articleSection":["Uncategorized"],"inLanguage":"fr-BE"},{"@type":"WebPage","@id":"https:\/\/digitalforyouth.be\/partner-behaalt-b-corp-certificaat\/","url":"https:\/\/digitalforyouth.be\/partner-behaalt-b-corp-certificaat\/","name":"Partner behaalt B Corp certificaat. - Digital for Youth","isPartOf":{"@id":"https:\/\/digitalforyouth.be\/#website"},"primaryImageOfPage":{"@id":"https:\/\/digitalforyouth.be\/partner-behaalt-b-corp-certificaat\/#primaryimage"},"image":{"@id":"https:\/\/digitalforyouth.be\/partner-behaalt-b-corp-certificaat\/#primaryimage"},"thumbnailUrl":"https:\/\/digitalforyouth.be\/wp-content\/uploads\/2024\/05\/DSC00106-scaled.jpg","datePublished":"2024-05-07T08:21:38+00:00","dateModified":"2024-05-07T09:04:19+00:00","author":{"@id":"https:\/\/digitalforyouth.be\/#\/schema\/person\/0f3d0c1b593cc5c3c6f5527170fd2dee"},"description":"Notre partenaire (Circular IT group Belgique) est fortement engag\u00e9 dans le d\u00e9veloppement durable. Son travail acharn\u00e9 lui a permis d'obtenir la certification B Corp.","breadcrumb":{"@id":"https:\/\/digitalforyouth.be\/partner-behaalt-b-corp-certificaat\/#breadcrumb"},"inLanguage":"fr-BE","potentialAction":[{"@type":"ReadAction","target":["https:\/\/digitalforyouth.be\/partner-behaalt-b-corp-certificaat\/"]}]},{"@type":"ImageObject","inLanguage":"fr-BE","@id":"https:\/\/digitalforyouth.be\/partner-behaalt-b-corp-certificaat\/#primaryimage","url":"https:\/\/digitalforyouth.be\/wp-content\/uploads\/2024\/05\/DSC00106-scaled.jpg","contentUrl":"https:\/\/digitalforyouth.be\/wp-content\/uploads\/2024\/05\/DSC00106-scaled.jpg","width":2560,"height":1707},{"@type":"BreadcrumbList","@id":"https:\/\/digitalforyouth.be\/partner-behaalt-b-corp-certificaat\/#breadcrumb","itemListElement":[{"@type":"ListItem","position":1,"name":"Home","item":"https:\/\/digitalforyouth.be\/"},{"@type":"ListItem","position":2,"name":"Partner behaalt B Corp certificaat."}]},{"@type":"WebSite","@id":"https:\/\/digitalforyouth.be\/#website","url":"https:\/\/digitalforyouth.be\/","name":"Digital for Youth","description":"","potentialAction":[{"@type":"SearchAction","target":{"@type":"EntryPoint","urlTemplate":"https:\/\/digitalforyouth.be\/?s={search_term_string}"},"query-input":{"@type":"PropertyValueSpecification","valueRequired":true,"valueName":"search_term_string"}}],"inLanguage":"fr-BE"},{"@type":"Person","@id":"https:\/\/digitalforyouth.be\/#\/schema\/person\/0f3d0c1b593cc5c3c6f5527170fd2dee","name":"Romi Schlatzke","image":{"@type":"ImageObject","inLanguage":"fr-BE","@id":"https:\/\/secure.gravatar.com\/avatar\/6a0ff103fe4c8a1af81d400dd270ae58adc330cd5e253836e735646f0aaafdf5?s=96&d=mm&r=g","url":"https:\/\/secure.gravatar.com\/avatar\/6a0ff103fe4c8a1af81d400dd270ae58adc330cd5e253836e735646f0aaafdf5?s=96&d=mm&r=g","contentUrl":"https:\/\/secure.gravatar.com\/avatar\/6a0ff103fe4c8a1af81d400dd270ae58adc330cd5e253836e735646f0aaafdf5?s=96&d=mm&r=g","caption":"Romi Schlatzke"}}]}},"_links":{"self":[{"href":"https:\/\/digitalforyouth.be\/fr\/wp-json\/wp\/v2\/posts\/10388","targetHints":{"allow":["GET"]}}],"collection":[{"href":"https:\/\/digitalforyouth.be\/fr\/wp-json\/wp\/v2\/posts"}],"about":[{"href":"https:\/\/digitalforyouth.be\/fr\/wp-json\/wp\/v2\/types\/post"}],"author":[{"embeddable":true,"href":"https:\/\/digitalforyouth.be\/fr\/wp-json\/wp\/v2\/users\/11"}],"replies":[{"embeddable":true,"href":"https:\/\/digitalforyouth.be\/fr\/wp-json\/wp\/v2\/comments?post=10388"}],"version-history":[{"count":5,"href":"https:\/\/digitalforyouth.be\/fr\/wp-json\/wp\/v2\/posts\/10388\/revisions"}],"predecessor-version":[{"id":10419,"href":"https:\/\/digitalforyouth.be\/fr\/wp-json\/wp\/v2\/posts\/10388\/revisions\/10419"}],"wp:featuredmedia":[{"embeddable":true,"href":"https:\/\/digitalforyouth.be\/fr\/wp-json\/wp\/v2\/media\/10389"}],"wp:attachment":[{"href":"https:\/\/digitalforyouth.be\/fr\/wp-json\/wp\/v2\/media?parent=10388"}],"wp:term":[{"taxonomy":"category","embeddable":true,"href":"https:\/\/digitalforyouth.be\/fr\/wp-json\/wp\/v2\/categories?post=10388"},{"taxonomy":"post_tag","embeddable":true,"href":"https:\/\/digitalforyouth.be\/fr\/wp-json\/wp\/v2\/tags?post=10388"}],"curies":[{"name":"wp","href":"https:\/\/api.w.org\/{rel}","templated":true}]}}