{"id":4661,"date":"2020-07-17T14:37:59","date_gmt":"2020-07-17T14:37:59","guid":{"rendered":"https:\/\/dfy-test.inontwikkeling.be\/?p=4661"},"modified":"2024-03-08T13:04:27","modified_gmt":"2024-03-08T13:04:27","slug":"digitaal-onderwijs-voor-iedereen","status":"publish","type":"post","link":"https:\/\/digitalforyouth.be\/fr\/digitaal-onderwijs-voor-iedereen\/","title":{"rendered":"L'\u00e9ducation num\u00e9rique pour tous."},"content":{"rendered":"<div data-elementor-type=\"wp-post\" data-elementor-id=\"4661\" class=\"elementor elementor-4661\" data-elementor-post-type=\"post\">\n\t\t\t\t\t\t<section class=\"elementor-section elementor-top-section elementor-element elementor-element-93f4b4e elementor-section-content-middle elementor-reverse-mobile elementor-reverse-tablet elementor-section-boxed elementor-section-height-default elementor-section-height-default\" data-id=\"93f4b4e\" data-element_type=\"section\" data-e-type=\"section\" data-settings=\"{&quot;background_background&quot;:&quot;gradient&quot;}\">\n\t\t\t\t\t\t<div class=\"elementor-container elementor-column-gap-default\">\n\t\t\t\t\t<div class=\"elementor-column elementor-col-50 elementor-top-column elementor-element elementor-element-9a0ca1a\" data-id=\"9a0ca1a\" data-element_type=\"column\" data-e-type=\"column\" data-settings=\"{&quot;background_background&quot;:&quot;classic&quot;}\">\n\t\t\t<div class=\"elementor-widget-wrap elementor-element-populated\">\n\t\t\t\t\t\t<div class=\"elementor-element elementor-element-b1e084e elementor-widget__width-auto elementor-widget-mobile__width-inherit elementor-widget elementor-widget-theme-post-title elementor-page-title elementor-widget-heading\" data-id=\"b1e084e\" data-element_type=\"widget\" data-e-type=\"widget\" data-widget_type=\"theme-post-title.default\">\n\t\t\t\t<div class=\"elementor-widget-container\">\n\t\t\t\t\t<h1 class=\"elementor-heading-title elementor-size-default\">L'\u00e9ducation num\u00e9rique pour tous.<\/h1>\t\t\t\t<\/div>\n\t\t\t\t<\/div>\n\t\t\t\t\t<\/div>\n\t\t<\/div>\n\t\t\t\t<div class=\"elementor-column elementor-col-50 elementor-top-column elementor-element elementor-element-fd7492e\" data-id=\"fd7492e\" data-element_type=\"column\" data-e-type=\"column\" data-settings=\"{&quot;background_background&quot;:&quot;gradient&quot;}\">\n\t\t\t<div class=\"elementor-widget-wrap elementor-element-populated\">\n\t\t\t\t\t\t<div class=\"elementor-element elementor-element-cb6fdef kk-img elementor-widget elementor-widget-image\" data-id=\"cb6fdef\" data-element_type=\"widget\" data-e-type=\"widget\" data-widget_type=\"image.default\">\n\t\t\t\t<div class=\"elementor-widget-container\">\n\t\t\t\t\t\t\t\t\t\t\t\t<figure class=\"wp-caption\">\n\t\t\t\t\t\t\t\t\t\t<img fetchpriority=\"high\" decoding=\"async\" width=\"467\" height=\"351\" src=\"https:\/\/digitalforyouth.be\/wp-content\/uploads\/2021\/12\/Proximus-Pickx.png\" class=\"attachment-full size-full wp-image-4695\" alt=\"\" srcset=\"https:\/\/digitalforyouth.be\/wp-content\/uploads\/2021\/12\/Proximus-Pickx.png 467w, https:\/\/digitalforyouth.be\/wp-content\/uploads\/2021\/12\/Proximus-Pickx-300x225.png 300w, https:\/\/digitalforyouth.be\/wp-content\/uploads\/2021\/12\/Proximus-Pickx-16x12.png 16w\" sizes=\"(max-width: 467px) 100vw, 467px\" \/>\t\t\t\t\t\t\t\t\t\t\t<figcaption class=\"widget-image-caption wp-caption-text\"><\/figcaption>\n\t\t\t\t\t\t\t\t\t\t<\/figure>\n\t\t\t\t\t\t\t\t\t<\/div>\n\t\t\t\t<\/div>\n\t\t\t\t\t<\/div>\n\t\t<\/div>\n\t\t\t\t\t<\/div>\n\t\t<\/section>\n\t\t\t\t<section class=\"elementor-section elementor-top-section elementor-element elementor-element-fd09ffc elementor-section-boxed elementor-section-height-default elementor-section-height-default\" data-id=\"fd09ffc\" data-element_type=\"section\" data-e-type=\"section\">\n\t\t\t\t\t\t<div class=\"elementor-container elementor-column-gap-default\">\n\t\t\t\t\t<div class=\"elementor-column elementor-col-100 elementor-top-column elementor-element elementor-element-4ffb3c3\" data-id=\"4ffb3c3\" data-element_type=\"column\" data-e-type=\"column\">\n\t\t\t<div class=\"elementor-widget-wrap elementor-element-populated\">\n\t\t\t\t\t\t<section class=\"elementor-section elementor-inner-section elementor-element elementor-element-eb69339 elementor-section-boxed elementor-section-height-default elementor-section-height-default\" data-id=\"eb69339\" data-element_type=\"section\" data-e-type=\"section\">\n\t\t\t\t\t\t<div class=\"elementor-container elementor-column-gap-default\">\n\t\t\t\t\t<div class=\"elementor-column elementor-col-50 elementor-inner-column elementor-element elementor-element-b2794ac\" data-id=\"b2794ac\" data-element_type=\"column\" data-e-type=\"column\">\n\t\t\t<div class=\"elementor-widget-wrap elementor-element-populated\">\n\t\t\t\t\t\t<div class=\"elementor-element elementor-element-8603680 elementor-widget elementor-widget-heading\" data-id=\"8603680\" data-element_type=\"widget\" data-e-type=\"widget\" data-widget_type=\"heading.default\">\n\t\t\t\t<div class=\"elementor-widget-container\">\n\t\t\t\t\t<h2 class=\"elementor-heading-title elementor-size-default\">Proximus et Digital for Youth rendent l'\u00e9ducation num\u00e9rique accessible.<\/h2>\t\t\t\t<\/div>\n\t\t\t\t<\/div>\n\t\t\t\t<div class=\"elementor-element elementor-element-a4f7ada elementor-widget__width-inherit elementor-widget elementor-widget-text-editor\" data-id=\"a4f7ada\" data-element_type=\"widget\" data-e-type=\"widget\" data-widget_type=\"text-editor.default\">\n\t\t\t\t<div class=\"elementor-widget-container\">\n\t\t\t\t\t\t\t\t\t<p><strong>Les derniers mois ont \u00e9t\u00e9 particuli\u00e8rement intenses et difficiles. Le coronavirus a co\u00fbt\u00e9 la vie \u00e0 des milliers de personnes et la p\u00e9riode a \u00e9t\u00e9 et est toujours difficile sur le plan mental. Le personnel hospitalier, les professionnels de la sant\u00e9... beaucoup de gens ont \u00e9t\u00e9 et sont en premi\u00e8re ligne. Avec le d\u00e9fi #hoopdoetleven, ces personnes seront honor\u00e9es lors de la f\u00eate nationale belge du 21 juillet. Proximus Pickx \u00e9pingle quelques t\u00e9moignages, \u00e9mouvants. Aujourd'hui : Proximus et Digital for Youth unissent leurs forces pour aider les jeunes vuln\u00e9rables \u00e0 terminer leurs \u00e9tudes.<\/strong><\/p>\t\t\t\t\t\t\t\t<\/div>\n\t\t\t\t<\/div>\n\t\t\t\t<div class=\"elementor-element elementor-element-1aea894 elementor-widget elementor-widget-heading\" data-id=\"1aea894\" data-element_type=\"widget\" data-e-type=\"widget\" data-widget_type=\"heading.default\">\n\t\t\t\t<div class=\"elementor-widget-container\">\n\t\t\t\t\t<h3 class=\"elementor-heading-title elementor-size-default\">R\u00e9cup\u00e9rer un maximum d\u2019ordinateurs portables.<\/h3>\t\t\t\t<\/div>\n\t\t\t\t<\/div>\n\t\t\t\t<div class=\"elementor-element elementor-element-f54b44b elementor-widget__width-inherit elementor-widget elementor-widget-text-editor\" data-id=\"f54b44b\" data-element_type=\"widget\" data-e-type=\"widget\" data-widget_type=\"text-editor.default\">\n\t\t\t\t<div class=\"elementor-widget-container\">\n\t\t\t\t\t\t\t\t\t<p class=\"translation-block\">Les secteurs de la sant\u00e9, de la culture et d\u2019autres encore n'ont pas \u00e9t\u00e9 les seuls \u00e0 \u00eatre affect\u00e9s par la pand\u00e9mie. L\u2019\u00e9ducation aussi a \u00e9t\u00e9 touch\u00e9e. Les \u00e9tudiants ont d\u00fb s'adapter \u00e0 une nouvelle fa\u00e7on de travailler en suivant des cours en ligne et en passant des examens sur ordinateur. Mais l\u00e0 aussi, le coronavirus a touch\u00e9 une corde sensible dans les diff\u00e9rentes classes sociales de notre soci\u00e9t\u00e9. En effet, <strong>tout le monde ne peut pas s\u2019offrir un portable ou un ordinateur<\/strong>. Digital for Youth a donc d\u00e9cid\u00e9 de donner un coup de pouce.<\/p>\n<p>L'organisation a r\u00e9ussi \u00e0 faire en sorte que plus de 15 000 jeunes d\u00e9favoris\u00e9s puissent poursuivre leurs \u00e9tudes \u00e0 distance pendant le lockdown. Selon Olivier Vanden Eynde, fondateur de l'organisation Close The Gap, le don d'un ordinateur \u00e9tait le seul moyen d'offrir des opportunit\u00e9s \u00e0 ces \u00e9l\u00e8ves.<\/p>\n<p class=\"translation-block\">Pour cette initiative, Digital for Youth a pu compter sur le soutien de Proximus pour collecter le plus grand nombre possible d'ordinateurs portables. <del>Xavier Dekeuleneer, CSR Manager chez Proximus<\/del>, explique pourquoi cette initiative les int\u00e9resse tant. \"<strong>Le projet r\u00e9pond \u00e0 notre objectif environnemental de ne pas gaspiller les ordinateurs d\u00e9j\u00e0 utilis\u00e9s et d'en r\u00e9cup\u00e9rer le plus grand nombre possible<\/strong>\", ajoute-t-il.<\/p>\t\t\t\t\t\t\t\t<\/div>\n\t\t\t\t<\/div>\n\t\t\t\t<div class=\"elementor-element elementor-element-6e8a9ee elementor-widget elementor-widget-video\" data-id=\"6e8a9ee\" data-element_type=\"widget\" data-e-type=\"widget\" data-settings=\"{&quot;youtube_url&quot;:&quot;https:\\\/\\\/www.youtube.com\\\/watch?v=bb442tgCBFo&quot;,&quot;video_type&quot;:&quot;youtube&quot;,&quot;controls&quot;:&quot;yes&quot;}\" data-widget_type=\"video.default\">\n\t\t\t\t<div class=\"elementor-widget-container\">\n\t\t\t\t\t\t\t<div class=\"elementor-wrapper elementor-open-inline\">\n\t\t\t<div class=\"elementor-video\"><\/div>\t\t<\/div>\n\t\t\t\t\t\t<\/div>\n\t\t\t\t<\/div>\n\t\t\t\t<div class=\"elementor-element elementor-element-387007a elementor-widget elementor-widget-spacer\" data-id=\"387007a\" data-element_type=\"widget\" data-e-type=\"widget\" data-widget_type=\"spacer.default\">\n\t\t\t\t<div class=\"elementor-widget-container\">\n\t\t\t\t\t\t\t<div class=\"elementor-spacer\">\n\t\t\t<div class=\"elementor-spacer-inner\"><\/div>\n\t\t<\/div>\n\t\t\t\t\t\t<\/div>\n\t\t\t\t<\/div>\n\t\t\t\t<div class=\"elementor-element elementor-element-6b4f35e elementor-widget elementor-widget-heading\" data-id=\"6b4f35e\" data-element_type=\"widget\" data-e-type=\"widget\" data-widget_type=\"heading.default\">\n\t\t\t\t<div class=\"elementor-widget-container\">\n\t\t\t\t\t<h3 class=\"elementor-heading-title elementor-size-default\">Connexion internet gratuite.<\/h3>\t\t\t\t<\/div>\n\t\t\t\t<\/div>\n\t\t\t\t<div class=\"elementor-element elementor-element-239b39b elementor-widget__width-inherit elementor-widget elementor-widget-text-editor\" data-id=\"239b39b\" data-element_type=\"widget\" data-e-type=\"widget\" data-widget_type=\"text-editor.default\">\n\t\t\t\t<div class=\"elementor-widget-container\">\n\t\t\t\t\t\t\t\t\t<div>\n<p>La politique de l\u2019entreprise a \u00e9galement donn\u00e9 un coup de pouce au projet, explique Philip Dubois, pr\u00e9sident de l\u2019organe d'administration de Digital For Youth. Sur les 15.000 ordinateurs collect\u00e9s, Proximus a r\u00e9ussi \u00e0 en remettre 700 en \u00e9tat et \u00e0 les livrer \u00e0 Digital For Youth.<\/p>\n<\/div>\n<div>\n<p class=\"translation-block\">Mais l'action ne s'est pas arr\u00eat\u00e9e l\u00e0. \"Nous nous sommes rendu compte que de nombreuses familles n'ont pas de connexion internet \u00e0 la maison. Nous avons donc d\u00e9cid\u00e9 d'<strong>ouvrir notre r\u00e9seau Proximus Public Wifi \u00e0 ces enfants<\/strong> en leur offrant des codes d'acc\u00e8s\", ajoute Dekeuleneer.<\/p>\n<\/div>\n<div>\n<p>Au total, 18 000 \u00e9l\u00e8ves ont eu acc\u00e8s \u00e0 l'internet gratuitement. Ces enfants ont ainsi pu poursuivre leur \u00e9ducation par la voie num\u00e9rique.<\/p>\n<\/div>\t\t\t\t\t\t\t\t<\/div>\n\t\t\t\t<\/div>\n\t\t\t\t<div class=\"elementor-element elementor-element-25b4b43 elementor-widget__width-inherit elementor-widget elementor-widget-text-editor\" data-id=\"25b4b43\" data-element_type=\"widget\" data-e-type=\"widget\" data-widget_type=\"text-editor.default\">\n\t\t\t\t<div class=\"elementor-widget-container\">\n\t\t\t\t\t\t\t\t\t<div><p class=\"translation-block\">Source : <a href=\"https:\/\/www.proximus.be\/pickx\/nl\/2061243\/proximus-en-digital-for-youth-maken-digitaal-onderwijs-beschikbaar-voor-iedereen\" target=\"_blank\" rel=\"noopener\">Proximus<\/a><\/p><\/div>\t\t\t\t\t\t\t\t<\/div>\n\t\t\t\t<\/div>\n\t\t\t\t\t<\/div>\n\t\t<\/div>\n\t\t\t\t<div class=\"elementor-column elementor-col-50 elementor-inner-column elementor-element elementor-element-9e4ae59 elementor-hidden-tablet elementor-hidden-mobile\" data-id=\"9e4ae59\" data-element_type=\"column\" data-e-type=\"column\">\n\t\t\t<div class=\"elementor-widget-wrap\">\n\t\t\t\t\t\t\t<\/div>\n\t\t<\/div>\n\t\t\t\t\t<\/div>\n\t\t<\/section>\n\t\t\t\t\t<\/div>\n\t\t<\/div>\n\t\t\t\t\t<\/div>\n\t\t<\/section>\n\t\t\t\t<\/div>","protected":false},"excerpt":{"rendered":"<p>Proximus en Digital for Youth maken digitaal onderwijs beschikbaar. De afgelopen maanden waren bijzonder intens en zwaar. Het coronavirus kostte het leven aan duizenden mensen en ook mentaal was en is het een zware periode. Ziekenhuispersoneel, zorgkundigen\u2026 heel wat mensen gingen in de frontlinie staan. Met de challenge #hoopdoetleven worden deze mensen op de Belgische [&hellip;]<\/p>\n","protected":false},"author":9,"featured_media":4695,"comment_status":"open","ping_status":"closed","sticky":false,"template":"elementor_header_footer","format":"standard","meta":{"_acf_changed":false,"footnotes":""},"categories":[1],"tags":[],"class_list":["post-4661","post","type-post","status-publish","format-standard","has-post-thumbnail","hentry","category-uncategorized"],"acf":[],"yoast_head":"<!-- This site is optimized with the Yoast SEO plugin v27.5 - https:\/\/yoast.com\/product\/yoast-seo-wordpress\/ -->\n<title>Digitaal onderwijs voor iedereen. - Digital for Youth<\/title>\n<meta name=\"robots\" content=\"index, follow, max-snippet:-1, max-image-preview:large, max-video-preview:-1\" \/>\n<link rel=\"canonical\" href=\"https:\/\/digitalforyouth.be\/fr\/digitaal-onderwijs-voor-iedereen\/\" \/>\n<meta property=\"og:locale\" content=\"fr_FR\" \/>\n<meta property=\"og:type\" content=\"article\" \/>\n<meta property=\"og:title\" content=\"Digitaal onderwijs voor iedereen. - Digital for Youth\" \/>\n<meta property=\"og:description\" content=\"Proximus en Digital for Youth maken digitaal onderwijs beschikbaar. De afgelopen maanden waren bijzonder intens en zwaar. Het coronavirus kostte het leven aan duizenden mensen en ook mentaal was en is het een zware periode. Ziekenhuispersoneel, zorgkundigen\u2026 heel wat mensen gingen in de frontlinie staan. Met de challenge #hoopdoetleven worden deze mensen op de Belgische [&hellip;]\" \/>\n<meta property=\"og:url\" content=\"https:\/\/digitalforyouth.be\/fr\/digitaal-onderwijs-voor-iedereen\/\" \/>\n<meta property=\"og:site_name\" content=\"Digital for Youth\" \/>\n<meta property=\"article:published_time\" content=\"2020-07-17T14:37:59+00:00\" \/>\n<meta property=\"article:modified_time\" content=\"2024-03-08T13:04:27+00:00\" \/>\n<meta property=\"og:image\" content=\"https:\/\/digitalforyouth.be\/wp-content\/uploads\/2021\/12\/Proximus-Pickx.png\" \/>\n\t<meta property=\"og:image:width\" content=\"467\" \/>\n\t<meta property=\"og:image:height\" content=\"351\" \/>\n\t<meta property=\"og:image:type\" content=\"image\/png\" \/>\n<meta name=\"author\" content=\"Hanne van Studio Han\" \/>\n<meta name=\"twitter:card\" content=\"summary_large_image\" \/>\n<meta name=\"twitter:label1\" content=\"\u00c9crit par\" \/>\n\t<meta name=\"twitter:data1\" content=\"Hanne van Studio Han\" \/>\n\t<meta name=\"twitter:label2\" content=\"Dur\u00e9e de lecture est.\" \/>\n\t<meta name=\"twitter:data2\" content=\"2 minutes\" \/>\n<script type=\"application\/ld+json\" class=\"yoast-schema-graph\">{\"@context\":\"https:\\\/\\\/schema.org\",\"@graph\":[{\"@type\":\"Article\",\"@id\":\"https:\\\/\\\/digitalforyouth.be\\\/digitaal-onderwijs-voor-iedereen\\\/#article\",\"isPartOf\":{\"@id\":\"https:\\\/\\\/digitalforyouth.be\\\/digitaal-onderwijs-voor-iedereen\\\/\"},\"author\":{\"name\":\"Hanne van Studio Han\",\"@id\":\"https:\\\/\\\/digitalforyouth.be\\\/#\\\/schema\\\/person\\\/56312b7d21c18503355df13afddaffc0\"},\"headline\":\"Digitaal onderwijs voor iedereen.\",\"datePublished\":\"2020-07-17T14:37:59+00:00\",\"dateModified\":\"2024-03-08T13:04:27+00:00\",\"mainEntityOfPage\":{\"@id\":\"https:\\\/\\\/digitalforyouth.be\\\/digitaal-onderwijs-voor-iedereen\\\/\"},\"wordCount\":482,\"commentCount\":0,\"image\":{\"@id\":\"https:\\\/\\\/digitalforyouth.be\\\/digitaal-onderwijs-voor-iedereen\\\/#primaryimage\"},\"thumbnailUrl\":\"https:\\\/\\\/digitalforyouth.be\\\/wp-content\\\/uploads\\\/2021\\\/12\\\/Proximus-Pickx.png\",\"articleSection\":[\"Uncategorized\"],\"inLanguage\":\"fr-BE\"},{\"@type\":\"WebPage\",\"@id\":\"https:\\\/\\\/digitalforyouth.be\\\/digitaal-onderwijs-voor-iedereen\\\/\",\"url\":\"https:\\\/\\\/digitalforyouth.be\\\/digitaal-onderwijs-voor-iedereen\\\/\",\"name\":\"Digitaal onderwijs voor iedereen. - Digital for Youth\",\"isPartOf\":{\"@id\":\"https:\\\/\\\/digitalforyouth.be\\\/#website\"},\"primaryImageOfPage\":{\"@id\":\"https:\\\/\\\/digitalforyouth.be\\\/digitaal-onderwijs-voor-iedereen\\\/#primaryimage\"},\"image\":{\"@id\":\"https:\\\/\\\/digitalforyouth.be\\\/digitaal-onderwijs-voor-iedereen\\\/#primaryimage\"},\"thumbnailUrl\":\"https:\\\/\\\/digitalforyouth.be\\\/wp-content\\\/uploads\\\/2021\\\/12\\\/Proximus-Pickx.png\",\"datePublished\":\"2020-07-17T14:37:59+00:00\",\"dateModified\":\"2024-03-08T13:04:27+00:00\",\"author\":{\"@id\":\"https:\\\/\\\/digitalforyouth.be\\\/#\\\/schema\\\/person\\\/56312b7d21c18503355df13afddaffc0\"},\"breadcrumb\":{\"@id\":\"https:\\\/\\\/digitalforyouth.be\\\/digitaal-onderwijs-voor-iedereen\\\/#breadcrumb\"},\"inLanguage\":\"fr-BE\",\"potentialAction\":[{\"@type\":\"ReadAction\",\"target\":[\"https:\\\/\\\/digitalforyouth.be\\\/digitaal-onderwijs-voor-iedereen\\\/\"]}]},{\"@type\":\"ImageObject\",\"inLanguage\":\"fr-BE\",\"@id\":\"https:\\\/\\\/digitalforyouth.be\\\/digitaal-onderwijs-voor-iedereen\\\/#primaryimage\",\"url\":\"https:\\\/\\\/digitalforyouth.be\\\/wp-content\\\/uploads\\\/2021\\\/12\\\/Proximus-Pickx.png\",\"contentUrl\":\"https:\\\/\\\/digitalforyouth.be\\\/wp-content\\\/uploads\\\/2021\\\/12\\\/Proximus-Pickx.png\",\"width\":467,\"height\":351},{\"@type\":\"BreadcrumbList\",\"@id\":\"https:\\\/\\\/digitalforyouth.be\\\/digitaal-onderwijs-voor-iedereen\\\/#breadcrumb\",\"itemListElement\":[{\"@type\":\"ListItem\",\"position\":1,\"name\":\"Home\",\"item\":\"https:\\\/\\\/digitalforyouth.be\\\/\"},{\"@type\":\"ListItem\",\"position\":2,\"name\":\"Digitaal onderwijs voor iedereen.\"}]},{\"@type\":\"WebSite\",\"@id\":\"https:\\\/\\\/digitalforyouth.be\\\/#website\",\"url\":\"https:\\\/\\\/digitalforyouth.be\\\/\",\"name\":\"Digital for Youth\",\"description\":\"\",\"potentialAction\":[{\"@type\":\"SearchAction\",\"target\":{\"@type\":\"EntryPoint\",\"urlTemplate\":\"https:\\\/\\\/digitalforyouth.be\\\/?s={search_term_string}\"},\"query-input\":{\"@type\":\"PropertyValueSpecification\",\"valueRequired\":true,\"valueName\":\"search_term_string\"}}],\"inLanguage\":\"fr-BE\"},{\"@type\":\"Person\",\"@id\":\"https:\\\/\\\/digitalforyouth.be\\\/#\\\/schema\\\/person\\\/56312b7d21c18503355df13afddaffc0\",\"name\":\"Hanne van Studio Han\",\"image\":{\"@type\":\"ImageObject\",\"inLanguage\":\"fr-BE\",\"@id\":\"https:\\\/\\\/secure.gravatar.com\\\/avatar\\\/7582471e15bf0eecdfb0441146d7a7f557fe966af4586e5b594c3bd3fd2f9335?s=96&d=mm&r=g\",\"url\":\"https:\\\/\\\/secure.gravatar.com\\\/avatar\\\/7582471e15bf0eecdfb0441146d7a7f557fe966af4586e5b594c3bd3fd2f9335?s=96&d=mm&r=g\",\"contentUrl\":\"https:\\\/\\\/secure.gravatar.com\\\/avatar\\\/7582471e15bf0eecdfb0441146d7a7f557fe966af4586e5b594c3bd3fd2f9335?s=96&d=mm&r=g\",\"caption\":\"Hanne van Studio Han\"}}]}<\/script>\n<!-- \/ Yoast SEO plugin. -->","yoast_head_json":{"title":"Digitaal onderwijs voor iedereen. - Digital for Youth","robots":{"index":"index","follow":"follow","max-snippet":"max-snippet:-1","max-image-preview":"max-image-preview:large","max-video-preview":"max-video-preview:-1"},"canonical":"https:\/\/digitalforyouth.be\/fr\/digitaal-onderwijs-voor-iedereen\/","og_locale":"fr_FR","og_type":"article","og_title":"Digitaal onderwijs voor iedereen. - Digital for Youth","og_description":"Proximus en Digital for Youth maken digitaal onderwijs beschikbaar. De afgelopen maanden waren bijzonder intens en zwaar. Het coronavirus kostte het leven aan duizenden mensen en ook mentaal was en is het een zware periode. Ziekenhuispersoneel, zorgkundigen\u2026 heel wat mensen gingen in de frontlinie staan. Met de challenge #hoopdoetleven worden deze mensen op de Belgische [&hellip;]","og_url":"https:\/\/digitalforyouth.be\/fr\/digitaal-onderwijs-voor-iedereen\/","og_site_name":"Digital for Youth","article_published_time":"2020-07-17T14:37:59+00:00","article_modified_time":"2024-03-08T13:04:27+00:00","og_image":[{"width":467,"height":351,"url":"https:\/\/digitalforyouth.be\/wp-content\/uploads\/2021\/12\/Proximus-Pickx.png","type":"image\/png"}],"author":"Hanne van Studio Han","twitter_card":"summary_large_image","twitter_misc":{"\u00c9crit par":"Hanne van Studio Han","Dur\u00e9e de lecture est.":"2 minutes"},"schema":{"@context":"https:\/\/schema.org","@graph":[{"@type":"Article","@id":"https:\/\/digitalforyouth.be\/digitaal-onderwijs-voor-iedereen\/#article","isPartOf":{"@id":"https:\/\/digitalforyouth.be\/digitaal-onderwijs-voor-iedereen\/"},"author":{"name":"Hanne van Studio Han","@id":"https:\/\/digitalforyouth.be\/#\/schema\/person\/56312b7d21c18503355df13afddaffc0"},"headline":"Digitaal onderwijs voor iedereen.","datePublished":"2020-07-17T14:37:59+00:00","dateModified":"2024-03-08T13:04:27+00:00","mainEntityOfPage":{"@id":"https:\/\/digitalforyouth.be\/digitaal-onderwijs-voor-iedereen\/"},"wordCount":482,"commentCount":0,"image":{"@id":"https:\/\/digitalforyouth.be\/digitaal-onderwijs-voor-iedereen\/#primaryimage"},"thumbnailUrl":"https:\/\/digitalforyouth.be\/wp-content\/uploads\/2021\/12\/Proximus-Pickx.png","articleSection":["Uncategorized"],"inLanguage":"fr-BE"},{"@type":"WebPage","@id":"https:\/\/digitalforyouth.be\/digitaal-onderwijs-voor-iedereen\/","url":"https:\/\/digitalforyouth.be\/digitaal-onderwijs-voor-iedereen\/","name":"Digitaal onderwijs voor iedereen. - Digital for Youth","isPartOf":{"@id":"https:\/\/digitalforyouth.be\/#website"},"primaryImageOfPage":{"@id":"https:\/\/digitalforyouth.be\/digitaal-onderwijs-voor-iedereen\/#primaryimage"},"image":{"@id":"https:\/\/digitalforyouth.be\/digitaal-onderwijs-voor-iedereen\/#primaryimage"},"thumbnailUrl":"https:\/\/digitalforyouth.be\/wp-content\/uploads\/2021\/12\/Proximus-Pickx.png","datePublished":"2020-07-17T14:37:59+00:00","dateModified":"2024-03-08T13:04:27+00:00","author":{"@id":"https:\/\/digitalforyouth.be\/#\/schema\/person\/56312b7d21c18503355df13afddaffc0"},"breadcrumb":{"@id":"https:\/\/digitalforyouth.be\/digitaal-onderwijs-voor-iedereen\/#breadcrumb"},"inLanguage":"fr-BE","potentialAction":[{"@type":"ReadAction","target":["https:\/\/digitalforyouth.be\/digitaal-onderwijs-voor-iedereen\/"]}]},{"@type":"ImageObject","inLanguage":"fr-BE","@id":"https:\/\/digitalforyouth.be\/digitaal-onderwijs-voor-iedereen\/#primaryimage","url":"https:\/\/digitalforyouth.be\/wp-content\/uploads\/2021\/12\/Proximus-Pickx.png","contentUrl":"https:\/\/digitalforyouth.be\/wp-content\/uploads\/2021\/12\/Proximus-Pickx.png","width":467,"height":351},{"@type":"BreadcrumbList","@id":"https:\/\/digitalforyouth.be\/digitaal-onderwijs-voor-iedereen\/#breadcrumb","itemListElement":[{"@type":"ListItem","position":1,"name":"Home","item":"https:\/\/digitalforyouth.be\/"},{"@type":"ListItem","position":2,"name":"Digitaal onderwijs voor iedereen."}]},{"@type":"WebSite","@id":"https:\/\/digitalforyouth.be\/#website","url":"https:\/\/digitalforyouth.be\/","name":"Digital for Youth","description":"","potentialAction":[{"@type":"SearchAction","target":{"@type":"EntryPoint","urlTemplate":"https:\/\/digitalforyouth.be\/?s={search_term_string}"},"query-input":{"@type":"PropertyValueSpecification","valueRequired":true,"valueName":"search_term_string"}}],"inLanguage":"fr-BE"},{"@type":"Person","@id":"https:\/\/digitalforyouth.be\/#\/schema\/person\/56312b7d21c18503355df13afddaffc0","name":"Hanne van Studio Han","image":{"@type":"ImageObject","inLanguage":"fr-BE","@id":"https:\/\/secure.gravatar.com\/avatar\/7582471e15bf0eecdfb0441146d7a7f557fe966af4586e5b594c3bd3fd2f9335?s=96&d=mm&r=g","url":"https:\/\/secure.gravatar.com\/avatar\/7582471e15bf0eecdfb0441146d7a7f557fe966af4586e5b594c3bd3fd2f9335?s=96&d=mm&r=g","contentUrl":"https:\/\/secure.gravatar.com\/avatar\/7582471e15bf0eecdfb0441146d7a7f557fe966af4586e5b594c3bd3fd2f9335?s=96&d=mm&r=g","caption":"Hanne van Studio Han"}}]}},"_links":{"self":[{"href":"https:\/\/digitalforyouth.be\/fr\/wp-json\/wp\/v2\/posts\/4661","targetHints":{"allow":["GET"]}}],"collection":[{"href":"https:\/\/digitalforyouth.be\/fr\/wp-json\/wp\/v2\/posts"}],"about":[{"href":"https:\/\/digitalforyouth.be\/fr\/wp-json\/wp\/v2\/types\/post"}],"author":[{"embeddable":true,"href":"https:\/\/digitalforyouth.be\/fr\/wp-json\/wp\/v2\/users\/9"}],"replies":[{"embeddable":true,"href":"https:\/\/digitalforyouth.be\/fr\/wp-json\/wp\/v2\/comments?post=4661"}],"version-history":[{"count":5,"href":"https:\/\/digitalforyouth.be\/fr\/wp-json\/wp\/v2\/posts\/4661\/revisions"}],"predecessor-version":[{"id":10071,"href":"https:\/\/digitalforyouth.be\/fr\/wp-json\/wp\/v2\/posts\/4661\/revisions\/10071"}],"wp:featuredmedia":[{"embeddable":true,"href":"https:\/\/digitalforyouth.be\/fr\/wp-json\/wp\/v2\/media\/4695"}],"wp:attachment":[{"href":"https:\/\/digitalforyouth.be\/fr\/wp-json\/wp\/v2\/media?parent=4661"}],"wp:term":[{"taxonomy":"category","embeddable":true,"href":"https:\/\/digitalforyouth.be\/fr\/wp-json\/wp\/v2\/categories?post=4661"},{"taxonomy":"post_tag","embeddable":true,"href":"https:\/\/digitalforyouth.be\/fr\/wp-json\/wp\/v2\/tags?post=4661"}],"curies":[{"name":"wp","href":"https:\/\/api.w.org\/{rel}","templated":true}]}}