{"id":4713,"date":"2020-08-24T15:05:36","date_gmt":"2020-08-24T15:05:36","guid":{"rendered":"https:\/\/dfy-test.inontwikkeling.be\/?p=4713"},"modified":"2024-04-15T09:09:10","modified_gmt":"2024-04-15T09:09:10","slug":"digital-for-youth-geeft-duizenden-afgedankte-laptops-een-nieuw-leven","status":"publish","type":"post","link":"https:\/\/digitalforyouth.be\/fr\/digital-for-youth-donne-une-nouvelle-vie-a-des-milliers-de-ordinateurs-portables-mis-au-rebut\/","title":{"rendered":"Digital for Youth donne une nouvelle vie \u00e0 des milliers d'ordinateurs portables mis au rebut."},"content":{"rendered":"<div data-elementor-type=\"wp-post\" data-elementor-id=\"4713\" class=\"elementor elementor-4713\" data-elementor-post-type=\"post\">\n\t\t\t\t\t\t<section class=\"elementor-section elementor-top-section elementor-element elementor-element-f26a2b8 elementor-section-content-middle elementor-reverse-mobile elementor-reverse-tablet elementor-section-boxed elementor-section-height-default elementor-section-height-default\" data-id=\"f26a2b8\" data-element_type=\"section\" data-e-type=\"section\" data-settings=\"{&quot;background_background&quot;:&quot;gradient&quot;}\">\n\t\t\t\t\t\t<div class=\"elementor-container elementor-column-gap-default\">\n\t\t\t\t\t<div class=\"elementor-column elementor-col-50 elementor-top-column elementor-element elementor-element-02696a0\" data-id=\"02696a0\" data-element_type=\"column\" data-e-type=\"column\" data-settings=\"{&quot;background_background&quot;:&quot;classic&quot;}\">\n\t\t\t<div class=\"elementor-widget-wrap elementor-element-populated\">\n\t\t\t\t\t\t<div class=\"elementor-element elementor-element-273f709 elementor-widget__width-auto elementor-widget-mobile__width-inherit elementor-widget elementor-widget-theme-post-title elementor-page-title elementor-widget-heading\" data-id=\"273f709\" data-element_type=\"widget\" data-e-type=\"widget\" data-widget_type=\"theme-post-title.default\">\n\t\t\t\t<div class=\"elementor-widget-container\">\n\t\t\t\t\t<h1 class=\"elementor-heading-title elementor-size-default\">Digital for Youth donne une nouvelle vie \u00e0 des milliers d'ordinateurs portables mis au rebut.<\/h1>\t\t\t\t<\/div>\n\t\t\t\t<\/div>\n\t\t\t\t\t<\/div>\n\t\t<\/div>\n\t\t\t\t<div class=\"elementor-column elementor-col-50 elementor-top-column elementor-element elementor-element-ad99ef5\" data-id=\"ad99ef5\" data-element_type=\"column\" data-e-type=\"column\" data-settings=\"{&quot;background_background&quot;:&quot;gradient&quot;}\">\n\t\t\t<div class=\"elementor-widget-wrap elementor-element-populated\">\n\t\t\t\t\t\t<div class=\"elementor-element elementor-element-b27d14f kk-img elementor-widget elementor-widget-image\" data-id=\"b27d14f\" data-element_type=\"widget\" data-e-type=\"widget\" data-widget_type=\"image.default\">\n\t\t\t\t<div class=\"elementor-widget-container\">\n\t\t\t\t\t\t\t\t\t\t\t\t<figure class=\"wp-caption\">\n\t\t\t\t\t\t\t\t\t\t<img fetchpriority=\"high\" decoding=\"async\" width=\"1024\" height=\"768\" src=\"https:\/\/digitalforyouth.be\/wp-content\/uploads\/2021\/12\/WhatsApp-Image-2020-03-23-at-16.31.08.jpeg\" class=\"attachment-full size-full wp-image-4715\" alt=\"\" srcset=\"https:\/\/digitalforyouth.be\/wp-content\/uploads\/2021\/12\/WhatsApp-Image-2020-03-23-at-16.31.08.jpeg 1024w, https:\/\/digitalforyouth.be\/wp-content\/uploads\/2021\/12\/WhatsApp-Image-2020-03-23-at-16.31.08-300x225.jpeg 300w, https:\/\/digitalforyouth.be\/wp-content\/uploads\/2021\/12\/WhatsApp-Image-2020-03-23-at-16.31.08-768x576.jpeg 768w, https:\/\/digitalforyouth.be\/wp-content\/uploads\/2021\/12\/WhatsApp-Image-2020-03-23-at-16.31.08-16x12.jpeg 16w\" sizes=\"(max-width: 1024px) 100vw, 1024px\" \/>\t\t\t\t\t\t\t\t\t\t\t<figcaption class=\"widget-image-caption wp-caption-text\"><\/figcaption>\n\t\t\t\t\t\t\t\t\t\t<\/figure>\n\t\t\t\t\t\t\t\t\t<\/div>\n\t\t\t\t<\/div>\n\t\t\t\t\t<\/div>\n\t\t<\/div>\n\t\t\t\t\t<\/div>\n\t\t<\/section>\n\t\t\t\t<section class=\"elementor-section elementor-top-section elementor-element elementor-element-6f07e3a elementor-section-boxed elementor-section-height-default elementor-section-height-default\" data-id=\"6f07e3a\" data-element_type=\"section\" data-e-type=\"section\">\n\t\t\t\t\t\t<div class=\"elementor-container elementor-column-gap-default\">\n\t\t\t\t\t<div class=\"elementor-column elementor-col-100 elementor-top-column elementor-element elementor-element-9fbd422\" data-id=\"9fbd422\" data-element_type=\"column\" data-e-type=\"column\">\n\t\t\t<div class=\"elementor-widget-wrap elementor-element-populated\">\n\t\t\t\t\t\t<section class=\"elementor-section elementor-inner-section elementor-element elementor-element-834ac12 elementor-section-boxed elementor-section-height-default elementor-section-height-default\" data-id=\"834ac12\" data-element_type=\"section\" data-e-type=\"section\">\n\t\t\t\t\t\t<div class=\"elementor-container elementor-column-gap-default\">\n\t\t\t\t\t<div class=\"elementor-column elementor-col-100 elementor-inner-column elementor-element elementor-element-7aab18b\" data-id=\"7aab18b\" data-element_type=\"column\" data-e-type=\"column\">\n\t\t\t<div class=\"elementor-widget-wrap elementor-element-populated\">\n\t\t\t\t\t\t<div class=\"elementor-element elementor-element-b1a36d4 elementor-widget__width-initial elementor-widget elementor-widget-text-editor\" data-id=\"b1a36d4\" data-element_type=\"widget\" data-e-type=\"widget\" data-widget_type=\"text-editor.default\">\n\t\t\t\t<div class=\"elementor-widget-container\">\n\t\t\t\t\t\t\t\t\t<p class=\"translation-block\"><strong>Pr\u00e8s de 15 000. C'est le nombre de vieux ordinateurs portables que l'asbl <a href=\"https:\/\/digitalforyouth.be\/fr\/?lang=nl\" target=\"_self\">Digital for Youth<\/a> a collect\u00e9 \u00e0 ce jour aupr\u00e8s des entreprises. Ces ordinateurs ont trouv\u00e9 une seconde vie entre les mains de personnes qui en ont d\u00e9sesp\u00e9r\u00e9ment besoin. Sans cela, ils auraient fini \u00e0 la poubelle au bout de deux ou trois ans. Sien de Leuven 2030 s'entretient avec Philip Du Bois, pr\u00e9sident de Digital for Youth et directeur g\u00e9n\u00e9ral de DNS Belgium, au sujet des ordinateurs portables remis \u00e0 neuf et de l'importance de la circularit\u00e9.<\/strong><\/p>\t\t\t\t\t\t\t\t<\/div>\n\t\t\t\t<\/div>\n\t\t\t\t\t<\/div>\n\t\t<\/div>\n\t\t\t\t\t<\/div>\n\t\t<\/section>\n\t\t\t\t<section class=\"elementor-section elementor-inner-section elementor-element elementor-element-6094a10 elementor-reverse-mobile elementor-section-boxed elementor-section-height-default elementor-section-height-default\" data-id=\"6094a10\" data-element_type=\"section\" data-e-type=\"section\">\n\t\t\t\t\t\t<div class=\"elementor-container elementor-column-gap-default\">\n\t\t\t\t\t<div class=\"elementor-column elementor-col-50 elementor-inner-column elementor-element elementor-element-98d19a2\" data-id=\"98d19a2\" data-element_type=\"column\" data-e-type=\"column\">\n\t\t\t<div class=\"elementor-widget-wrap elementor-element-populated\">\n\t\t\t\t\t\t<div class=\"elementor-element elementor-element-f17d0c2 elementor-widget elementor-widget-text-editor\" data-id=\"f17d0c2\" data-element_type=\"widget\" data-e-type=\"widget\" data-widget_type=\"text-editor.default\">\n\t\t\t\t<div class=\"elementor-widget-container\">\n\t\t\t\t\t\t\t\t\t<div>\n<p class=\"translation-block\">En 2019, le gestionnaire de noms de domaine <strong>DNS Belgium<\/strong> et l'asbl <strong>Close The Gap<\/strong> ont fond\u00e9 conjointement Digital for Youth. Philip Du Bois explique \u00e0 Sien comment fonctionne Digital for Youth : \"Nous recevons des entreprises des ordinateurs portables qui ne sont plus utilis\u00e9s et qui sont pour la plupart en bon \u00e9tat. Gr\u00e2ce aux dons que nous recevons, nous pouvons r\u00e9nover ou remettre \u00e0 neuf ces ordinateurs pour les donner ensuite \u00e0 des jeunes qui en ont d\u00e9sesp\u00e9r\u00e9ment besoin\".<\/p>\n<\/div>\n<div>\n<p class=\"translation-block\">Nous ciblons les jeunes de 6 \u00e0 24 ans, explique Philip, car nous constatons que nombre d\u2019entre <strong>eux ont des talents, mais pas les moyens d'acqu\u00e9rir des comp\u00e9tences num\u00e9riques.<\/strong> Avant la pand\u00e9mie, nous soutenions principalement, avec nos ordinateurs portables, des organisations qui se concentraient sur ces comp\u00e9tences num\u00e9riques, qu'il s'agisse de sensibiliser les enfants \u00e0 la protection de leur vie priv\u00e9e sur les r\u00e9seaux sociaux ou d'apprendre \u00e0 de jeunes adultes \u00e0 programmer. Gr\u00e2ce \u00e0 notre premier appel en collaboration avec la Fondation Roi Baudouin, nous avons ainsi pu distribuer 1 400 ordinateurs portables\".<\/p>\n<\/div>\t\t\t\t\t\t\t\t<\/div>\n\t\t\t\t<\/div>\n\t\t\t\t\t<\/div>\n\t\t<\/div>\n\t\t\t\t<div class=\"elementor-column elementor-col-50 elementor-inner-column elementor-element elementor-element-21cef27\" data-id=\"21cef27\" data-element_type=\"column\" data-e-type=\"column\">\n\t\t\t<div class=\"elementor-widget-wrap elementor-element-populated\">\n\t\t\t\t\t\t<div class=\"elementor-element elementor-element-0a4fd47 kk-img elementor-widget elementor-widget-image\" data-id=\"0a4fd47\" data-element_type=\"widget\" data-e-type=\"widget\" data-widget_type=\"image.default\">\n\t\t\t\t<div class=\"elementor-widget-container\">\n\t\t\t\t\t\t\t\t\t\t\t\t<figure class=\"wp-caption\">\n\t\t\t\t\t\t\t\t\t\t<img decoding=\"async\" width=\"451\" height=\"339\" src=\"https:\/\/digitalforyouth.be\/wp-content\/uploads\/2021\/12\/Valentina.jpg\" class=\"attachment-full size-full wp-image-4741\" alt=\"\" srcset=\"https:\/\/digitalforyouth.be\/wp-content\/uploads\/2021\/12\/Valentina.jpg 451w, https:\/\/digitalforyouth.be\/wp-content\/uploads\/2021\/12\/Valentina-300x225.jpg 300w, https:\/\/digitalforyouth.be\/wp-content\/uploads\/2021\/12\/Valentina-16x12.jpg 16w\" sizes=\"(max-width: 451px) 100vw, 451px\" \/>\t\t\t\t\t\t\t\t\t\t\t<figcaption class=\"widget-image-caption wp-caption-text\"><\/figcaption>\n\t\t\t\t\t\t\t\t\t\t<\/figure>\n\t\t\t\t\t\t\t\t\t<\/div>\n\t\t\t\t<\/div>\n\t\t\t\t\t<\/div>\n\t\t<\/div>\n\t\t\t\t\t<\/div>\n\t\t<\/section>\n\t\t\t\t<section class=\"elementor-section elementor-inner-section elementor-element elementor-element-b43ccf8 elementor-section-boxed elementor-section-height-default elementor-section-height-default\" data-id=\"b43ccf8\" data-element_type=\"section\" data-e-type=\"section\">\n\t\t\t\t\t\t<div class=\"elementor-container elementor-column-gap-default\">\n\t\t\t\t\t<div class=\"elementor-column elementor-col-100 elementor-inner-column elementor-element elementor-element-7a6a7ed\" data-id=\"7a6a7ed\" data-element_type=\"column\" data-e-type=\"column\">\n\t\t\t<div class=\"elementor-widget-wrap elementor-element-populated\">\n\t\t\t\t\t\t<div class=\"elementor-element elementor-element-0b928ae elementor-widget elementor-widget-heading\" data-id=\"0b928ae\" data-element_type=\"widget\" data-e-type=\"widget\" data-widget_type=\"heading.default\">\n\t\t\t\t<div class=\"elementor-widget-container\">\n\t\t\t\t\t<h2 class=\"elementor-heading-title elementor-size-default\">15 000 ordinateurs portables \u2018gr\u00e2ce \u00e0\u2019 la pand\u00e9mie.<\/h2>\t\t\t\t<\/div>\n\t\t\t\t<\/div>\n\t\t\t\t<div class=\"elementor-element elementor-element-bf7b5bd elementor-widget__width-initial elementor-widget elementor-widget-text-editor\" data-id=\"bf7b5bd\" data-element_type=\"widget\" data-e-type=\"widget\" data-widget_type=\"text-editor.default\">\n\t\t\t\t<div class=\"elementor-widget-container\">\n\t\t\t\t\t\t\t\t\t<div><p class=\"translation-block\">Juste apr\u00e8s ce premier appel, la crise Covid a \u00e9clat\u00e9. Au d\u00e9but du lockdown, nous avons re\u00e7u une demande urgente d'ordinateurs portables de la part des \u00e9coles : <strong>les \u00e9l\u00e8ves qui n'avaient pas d'ordinateur portable \u00e9taient injoignables.<\/strong> Nous avions pr\u00e9vu de d\u00e9bloquer des fonds pour distribuer 1 000 ordinateurs portables, mais il est vite apparu que cela ne suffirait pas. Nous avons donc lanc\u00e9 une campagne de crowdfunding. Gr\u00e2ce \u00e0 cette campagne, nous avons pu collecter <del>15 000 ordinateurs portables<\/del> aupr\u00e8s des entreprises. Plus de 12 000 d'entre eux ont pu \u00eatre remis \u00e0 neuf. Les autres \u00e9taient trop vieux ou endommag\u00e9s. Les pi\u00e8ces en bon \u00e9tat ont \u00e9t\u00e9 retir\u00e9es, dans la mesure du possible, pour r\u00e9parer d'autres ordinateurs portables. Le reste a \u00e9t\u00e9 collect\u00e9 par une entreprise d'\u00e9limination certifi\u00e9e.<\/p><p>\u00a0<\/p><p>\u00a0<\/p><\/div><div><p class=\"translation-block\">Philip n'en revient toujours pas de ce r\u00e9sultat. C'est incroyable de voir combien les entreprises et les particuliers sont g\u00e9n\u00e9reux en temps de crise. Je ne peux pas vraiment l'expliquer - c'est tout simplement extraordinaire de voir \u00e0 quel point tout le monde est g\u00e9n\u00e9reux. Digital for Youth est encore une jeune organisation \u00e0 but non lucratif\u202f; l'ampleur de ce soutien a d\u00e9pass\u00e9 nos r\u00eaves les plus fous. <strong>Nous sommes tr\u00e8s surpris et tr\u00e8s fiers. <\/strong><\/p><\/div>\t\t\t\t\t\t\t\t<\/div>\n\t\t\t\t<\/div>\n\t\t\t\t\t<\/div>\n\t\t<\/div>\n\t\t\t\t\t<\/div>\n\t\t<\/section>\n\t\t\t\t<section class=\"elementor-section elementor-inner-section elementor-element elementor-element-e72f32d elementor-reverse-mobile elementor-section-boxed elementor-section-height-default elementor-section-height-default\" data-id=\"e72f32d\" data-element_type=\"section\" data-e-type=\"section\">\n\t\t\t\t\t\t<div class=\"elementor-container elementor-column-gap-default\">\n\t\t\t\t\t<div class=\"elementor-column elementor-col-50 elementor-inner-column elementor-element elementor-element-6af2621\" data-id=\"6af2621\" data-element_type=\"column\" data-e-type=\"column\">\n\t\t\t<div class=\"elementor-widget-wrap elementor-element-populated\">\n\t\t\t\t\t\t<div class=\"elementor-element elementor-element-fca636e elementor-widget elementor-widget-heading\" data-id=\"fca636e\" data-element_type=\"widget\" data-e-type=\"widget\" data-widget_type=\"heading.default\">\n\t\t\t\t<div class=\"elementor-widget-container\">\n\t\t\t\t\t<h2 class=\"elementor-heading-title elementor-size-default\">R\u00e9ussites et d\u00e9fis.<\/h2>\t\t\t\t<\/div>\n\t\t\t\t<\/div>\n\t\t\t\t<div class=\"elementor-element elementor-element-996057f elementor-widget elementor-widget-text-editor\" data-id=\"996057f\" data-element_type=\"widget\" data-e-type=\"widget\" data-widget_type=\"text-editor.default\">\n\t\t\t\t<div class=\"elementor-widget-container\">\n\t\t\t\t\t\t\t\t\t<div><p>\"Le fait que nous collections nos ordinateurs portables aupr\u00e8s d'entreprises pr\u00e9sente un gros avantage\u202f: en g\u00e9n\u00e9ral, ces appareils n\u2019ont que trois ou quatre ans. Il arrive qu'une pi\u00e8ce soit cass\u00e9e, mais les composants sont facilement interchangeables. Nous pouvons donc convertir tr\u00e8s efficacement, disons, 30 ordinateurs portables en 20 ordinateurs portables parfaitement fonctionnels\", explique Philip. Les ordinateurs portables que nous donnons ensuite aux \u00e9coles sont suffisamment puissants pour un environnement scolaire. Ils peuvent durer encore cinq, voire sept ans\".<\/p><\/div><div><p class=\"translation-block\">Gr\u00e2ce \u00e0 l'appel lanc\u00e9 au d\u00e9but du lockdown, <strong>les besoins les plus importants des \u00e9coles ont \u00e9t\u00e9 combl\u00e9s.<\/strong> Rien que pour les \u00e9coles secondaires, nous avons re\u00e7u 19 000 demandes d'ordinateurs portables. Au final, nous avons pu distribuer plus de 12 000 ordinateurs portables\". Les instances dirigeantes de l\u2019enseignement ont d\u00e9termin\u00e9 quelles \u00e9coles \u00e9taient prioritaires : les \u00e9coles sp\u00e9cialis\u00e9es en premier lieu et celles pr\u00e9sentant des niveaux de privation les plus \u00e9lev\u00e9s. Toutes les \u00e9coles en t\u00eate de liste ont re\u00e7u les ordinateurs portables qu'elles avaient demand\u00e9s.<\/p><\/div><div><p>Mais il n'a pas \u00e9t\u00e9 facile de pr\u00e9parer les ordinateurs portables le plus rapidement possible pendant la pand\u00e9mie : \"Nous nous sommes surtout heurt\u00e9s \u00e0 des obstacles op\u00e9rationnels : nos fournisseurs ne nous livraient pas le mat\u00e9riel facilement et, en raison de l'\u00e9loignement physique, nous avons d\u00fb travailler en \u00e9quipes pour remettre les ordinateurs portables en \u00e9tat. Il n'\u00e9tait pas non plus aussi facile qu'avant d'acheminer les ordinateurs portables vers les \u00e9coles. Les gens ne pensaient pas toujours \u00e0 ces contraintes\", d\u00e9clare Philip.<\/p><\/div>\t\t\t\t\t\t\t\t<\/div>\n\t\t\t\t<\/div>\n\t\t\t\t\t<\/div>\n\t\t<\/div>\n\t\t\t\t<div class=\"elementor-column elementor-col-50 elementor-inner-column elementor-element elementor-element-353f2fe\" data-id=\"353f2fe\" data-element_type=\"column\" data-e-type=\"column\">\n\t\t\t<div class=\"elementor-widget-wrap elementor-element-populated\">\n\t\t\t\t\t\t<div class=\"elementor-element elementor-element-215d903 kk-img elementor-widget elementor-widget-image\" data-id=\"215d903\" data-element_type=\"widget\" data-e-type=\"widget\" data-widget_type=\"image.default\">\n\t\t\t\t<div class=\"elementor-widget-container\">\n\t\t\t\t\t\t\t\t\t\t\t\t<figure class=\"wp-caption\">\n\t\t\t\t\t\t\t\t\t\t<img decoding=\"async\" width=\"451\" height=\"321\" src=\"https:\/\/digitalforyouth.be\/wp-content\/uploads\/2021\/12\/Picture8.jpg\" class=\"attachment-full size-full wp-image-4740\" alt=\"\" srcset=\"https:\/\/digitalforyouth.be\/wp-content\/uploads\/2021\/12\/Picture8.jpg 451w, https:\/\/digitalforyouth.be\/wp-content\/uploads\/2021\/12\/Picture8-300x214.jpg 300w, https:\/\/digitalforyouth.be\/wp-content\/uploads\/2021\/12\/Picture8-18x12.jpg 18w\" sizes=\"(max-width: 451px) 100vw, 451px\" \/>\t\t\t\t\t\t\t\t\t\t\t<figcaption class=\"widget-image-caption wp-caption-text\"><\/figcaption>\n\t\t\t\t\t\t\t\t\t\t<\/figure>\n\t\t\t\t\t\t\t\t\t<\/div>\n\t\t\t\t<\/div>\n\t\t\t\t\t<\/div>\n\t\t<\/div>\n\t\t\t\t\t<\/div>\n\t\t<\/section>\n\t\t\t\t<section class=\"elementor-section elementor-inner-section elementor-element elementor-element-07e6b1f elementor-section-boxed elementor-section-height-default elementor-section-height-default\" data-id=\"07e6b1f\" data-element_type=\"section\" data-e-type=\"section\">\n\t\t\t\t\t\t<div class=\"elementor-container elementor-column-gap-default\">\n\t\t\t\t\t<div class=\"elementor-column elementor-col-100 elementor-inner-column elementor-element elementor-element-06be4e2\" data-id=\"06be4e2\" data-element_type=\"column\" data-e-type=\"column\">\n\t\t\t<div class=\"elementor-widget-wrap elementor-element-populated\">\n\t\t\t\t\t\t<div class=\"elementor-element elementor-element-f6a5097 elementor-widget elementor-widget-heading\" data-id=\"f6a5097\" data-element_type=\"widget\" data-e-type=\"widget\" data-widget_type=\"heading.default\">\n\t\t\t\t<div class=\"elementor-widget-container\">\n\t\t\t\t\t<h2 class=\"elementor-heading-title elementor-size-default\">Travailler de mani\u00e8re circulaire : logique et efficace.<\/h2>\t\t\t\t<\/div>\n\t\t\t\t<\/div>\n\t\t\t\t<div class=\"elementor-element elementor-element-3e3d416 elementor-widget__width-initial elementor-widget elementor-widget-text-editor\" data-id=\"3e3d416\" data-element_type=\"widget\" data-e-type=\"widget\" data-widget_type=\"text-editor.default\">\n\t\t\t\t<div class=\"elementor-widget-container\">\n\t\t\t\t\t\t\t\t\t<div><p class=\"translation-block\">Dans <a href=\"https:\/\/roadmap.leuven2030.be\/leuven-circulair\" target=\"_blank\" rel=\"noopener\">la feuille de route 2025 - 2035 \u2013 2050<\/a> de Louvain 2030, la circularit\u00e9 est un th\u00e8me important : de nombreux mat\u00e9riaux avec lesquels nous pourrions encore faire beaucoup, finissent sur une montagne de d\u00e9chets qui ne cesse de cro\u00eetre. La production et le traitement de ces mat\u00e9riaux repr\u00e9sentent une part importante des \u00e9missions de CO\u2082 de la ville de Louvain. Au lieu de jeter et de br\u00fbler ces \"d\u00e9chets\", nous pouvons parfaitement les r\u00e9utiliser. Ce que Digital for Youth fait avec les vieux ordinateurs portables des entreprises s'inscrit donc parfaitement dans cette feuille de route pour une ville de Louvain climatiquement neutre.<\/p><\/div><div><p>\u00a0<\/p><p class=\"translation-block\">La <strong>circularit\u00e9<\/strong> est \u00e9galement tr\u00e8s importante pour DNS Belgium. La durabilit\u00e9 est un th\u00e8me central de notre organisation depuis quatre ans. La circularit\u00e9 est tellement ancr\u00e9e dans notre ADN que nous n'en faisons m\u00eame plus un sujet de discorde. Travailler avec des mat\u00e9riaux remis \u00e0 neuf est pour nous une question de logique et d'efficacit\u00e9. Le prix est \u00e9galement beaucoup plus avantageux : nous pr\u00e9f\u00e9rons distribuer cinq ordinateurs portables usag\u00e9s plut\u00f4t qu'un seul neuf\". En ce qui concerne l'id\u00e9e circulaire, DNS ne veut pas \u00eatre le meilleur \u00e9l\u00e8ve de la classe. Il veut que toute la classe r\u00e9ussisse. Nous voulons aider les autres \u00e0 acqu\u00e9rir plus rapidement cette conscience circulaire. Nous voulons diffuser la pens\u00e9e durable aupr\u00e8s de nos partenaires et de nos fournisseurs, parce qu'ils peuvent faire la diff\u00e9rence !<\/p><\/div>\t\t\t\t\t\t\t\t<\/div>\n\t\t\t\t<\/div>\n\t\t\t\t\t<\/div>\n\t\t<\/div>\n\t\t\t\t\t<\/div>\n\t\t<\/section>\n\t\t\t\t<section class=\"elementor-section elementor-inner-section elementor-element elementor-element-0a83772 elementor-section-boxed elementor-section-height-default elementor-section-height-default\" data-id=\"0a83772\" data-element_type=\"section\" data-e-type=\"section\">\n\t\t\t\t\t\t<div class=\"elementor-container elementor-column-gap-default\">\n\t\t\t\t\t<div class=\"elementor-column elementor-col-50 elementor-inner-column elementor-element elementor-element-f4063ea\" data-id=\"f4063ea\" data-element_type=\"column\" data-e-type=\"column\">\n\t\t\t<div class=\"elementor-widget-wrap elementor-element-populated\">\n\t\t\t\t\t\t<div class=\"elementor-element elementor-element-5d8990d kk-img elementor-widget elementor-widget-image\" data-id=\"5d8990d\" data-element_type=\"widget\" data-e-type=\"widget\" data-widget_type=\"image.default\">\n\t\t\t\t<div class=\"elementor-widget-container\">\n\t\t\t\t\t\t\t\t\t\t\t\t<figure class=\"wp-caption\">\n\t\t\t\t\t\t\t\t\t\t<img loading=\"lazy\" decoding=\"async\" width=\"1200\" height=\"546\" src=\"https:\/\/digitalforyouth.be\/wp-content\/uploads\/2021\/12\/Digital-For-Youth-voorzitter-1-1200x546-1.png\" class=\"attachment-full size-full wp-image-4739\" alt=\"\" srcset=\"https:\/\/digitalforyouth.be\/wp-content\/uploads\/2021\/12\/Digital-For-Youth-voorzitter-1-1200x546-1.png 1200w, https:\/\/digitalforyouth.be\/wp-content\/uploads\/2021\/12\/Digital-For-Youth-voorzitter-1-1200x546-1-300x137.png 300w, https:\/\/digitalforyouth.be\/wp-content\/uploads\/2021\/12\/Digital-For-Youth-voorzitter-1-1200x546-1-1024x466.png 1024w, https:\/\/digitalforyouth.be\/wp-content\/uploads\/2021\/12\/Digital-For-Youth-voorzitter-1-1200x546-1-768x349.png 768w, https:\/\/digitalforyouth.be\/wp-content\/uploads\/2021\/12\/Digital-For-Youth-voorzitter-1-1200x546-1-18x8.png 18w\" sizes=\"(max-width: 1200px) 100vw, 1200px\" \/>\t\t\t\t\t\t\t\t\t\t\t<figcaption class=\"widget-image-caption wp-caption-text\">Philip Du Bois - Pr\u00e9sident de Digital for Youth<\/figcaption>\n\t\t\t\t\t\t\t\t\t\t<\/figure>\n\t\t\t\t\t\t\t\t\t<\/div>\n\t\t\t\t<\/div>\n\t\t\t\t\t<\/div>\n\t\t<\/div>\n\t\t\t\t<div class=\"elementor-column elementor-col-50 elementor-inner-column elementor-element elementor-element-0de166c\" data-id=\"0de166c\" data-element_type=\"column\" data-e-type=\"column\">\n\t\t\t<div class=\"elementor-widget-wrap\">\n\t\t\t\t\t\t\t<\/div>\n\t\t<\/div>\n\t\t\t\t\t<\/div>\n\t\t<\/section>\n\t\t\t\t\t<\/div>\n\t\t<\/div>\n\t\t\t\t\t<\/div>\n\t\t<\/section>\n\t\t\t\t<section class=\"elementor-section elementor-top-section elementor-element elementor-element-7adab00 elementor-section-content-middle elementor-reverse-mobile elementor-section-boxed elementor-section-height-default elementor-section-height-default\" data-id=\"7adab00\" data-element_type=\"section\" data-e-type=\"section\" data-settings=\"{&quot;background_background&quot;:&quot;gradient&quot;}\">\n\t\t\t\t\t\t<div class=\"elementor-container elementor-column-gap-default\">\n\t\t\t\t\t<div class=\"elementor-column elementor-col-50 elementor-top-column elementor-element elementor-element-a6b0217\" data-id=\"a6b0217\" data-element_type=\"column\" data-e-type=\"column\" data-settings=\"{&quot;background_background&quot;:&quot;classic&quot;}\">\n\t\t\t<div class=\"elementor-widget-wrap elementor-element-populated\">\n\t\t\t\t\t\t<div class=\"elementor-element elementor-element-2a09127 elementor-widget elementor-widget-spacer\" data-id=\"2a09127\" data-element_type=\"widget\" data-e-type=\"widget\" data-widget_type=\"spacer.default\">\n\t\t\t\t<div class=\"elementor-widget-container\">\n\t\t\t\t\t\t\t<div class=\"elementor-spacer\">\n\t\t\t<div class=\"elementor-spacer-inner\"><\/div>\n\t\t<\/div>\n\t\t\t\t\t\t<\/div>\n\t\t\t\t<\/div>\n\t\t\t\t<div class=\"elementor-element elementor-element-a87ea44 elementor-widget elementor-widget-heading\" data-id=\"a87ea44\" data-element_type=\"widget\" data-e-type=\"widget\" data-widget_type=\"heading.default\">\n\t\t\t\t<div class=\"elementor-widget-container\">\n\t\t\t\t\t<h2 class=\"elementor-heading-title elementor-size-default\"><span class=\"elementor-heading-title elementor-size-default elementor-inline-editing pen\" data-elementor-setting-key=\"title\" data-pen-placeholder=\"Type Here...\">Que pouvez-vous faire ?<\/span><\/h2>\t\t\t\t<\/div>\n\t\t\t\t<\/div>\n\t\t\t\t<div class=\"elementor-element elementor-element-415ab33 elementor-widget elementor-widget-text-editor\" data-id=\"415ab33\" data-element_type=\"widget\" data-e-type=\"widget\" data-widget_type=\"text-editor.default\">\n\t\t\t\t<div class=\"elementor-widget-container\">\n\t\t\t\t\t\t\t\t\t<div>\n<p class=\"translation-block\">Digital for Youth a toujours besoin d'ordinateurs portables provenant d'entreprises de toute la Belgique. <strong>Votre entreprise dispose-t-elle d'ordinateurs portables usag\u00e9s qui peuvent \u00eatre donn\u00e9s ?<\/strong> A partir de 20 ordinateurs portables en \u00e9tat de marche, ils seront collect\u00e9s pour vous.<\/p><p><br><\/p>\n<p class=\"translation-block\">Contactez-nous \u00e0 l'adresse <a href=\"mailto:laptops@digitalforyouth.be\" target=\"_self\">laptops@digitalforyouth.be<\/a>. Toute contribution financi\u00e8re de particuliers ou d'entreprises pour le fonctionnement de Digital for Youth est \u00e9galement la bienvenue.<\/p>\n<\/div>\n<div>&nbsp;<\/div>\t\t\t\t\t\t\t\t<\/div>\n\t\t\t\t<\/div>\n\t\t\t\t<div class=\"elementor-element elementor-element-2c7e9b1 elementor-align-left kk-btn elementor-widget__width-auto elementor-widget elementor-widget-button\" data-id=\"2c7e9b1\" data-element_type=\"widget\" data-e-type=\"widget\" data-widget_type=\"button.default\">\n\t\t\t\t<div class=\"elementor-widget-container\">\n\t\t\t\t\t\t\t\t\t<div class=\"elementor-button-wrapper\">\n\t\t\t\t\t<a class=\"elementor-button elementor-button-link elementor-size-sm\" href=\"https:\/\/digitalforyouth.be\/fr\/don-de-materiel\/\">\n\t\t\t\t\t\t<span class=\"elementor-button-content-wrapper\">\n\t\t\t\t\t\t\t\t\t<span class=\"elementor-button-text\">Don de mat\u00e9riel<\/span>\n\t\t\t\t\t<\/span>\n\t\t\t\t\t<\/a>\n\t\t\t\t<\/div>\n\t\t\t\t\t\t\t\t<\/div>\n\t\t\t\t<\/div>\n\t\t\t\t<div class=\"elementor-element elementor-element-6ff76ac elementor-widget elementor-widget-spacer\" data-id=\"6ff76ac\" data-element_type=\"widget\" data-e-type=\"widget\" data-widget_type=\"spacer.default\">\n\t\t\t\t<div class=\"elementor-widget-container\">\n\t\t\t\t\t\t\t<div class=\"elementor-spacer\">\n\t\t\t<div class=\"elementor-spacer-inner\"><\/div>\n\t\t<\/div>\n\t\t\t\t\t\t<\/div>\n\t\t\t\t<\/div>\n\t\t\t\t\t<\/div>\n\t\t<\/div>\n\t\t\t\t<div class=\"elementor-column elementor-col-50 elementor-top-column elementor-element elementor-element-d33e670\" data-id=\"d33e670\" data-element_type=\"column\" data-e-type=\"column\" data-settings=\"{&quot;background_background&quot;:&quot;gradient&quot;}\">\n\t\t\t<div class=\"elementor-widget-wrap elementor-element-populated\">\n\t\t\t\t\t\t<div class=\"elementor-element elementor-element-c78767f kk-img elementor-widget elementor-widget-image\" data-id=\"c78767f\" data-element_type=\"widget\" data-e-type=\"widget\" data-widget_type=\"image.default\">\n\t\t\t\t<div class=\"elementor-widget-container\">\n\t\t\t\t\t\t\t\t\t\t\t\t<figure class=\"wp-caption\">\n\t\t\t\t\t\t\t\t\t\t<img loading=\"lazy\" decoding=\"async\" width=\"1016\" height=\"556\" src=\"https:\/\/digitalforyouth.be\/wp-content\/uploads\/2021\/12\/Rectangle-101-1-2.jpg\" class=\"attachment-full size-full wp-image-950\" alt=\"\" srcset=\"https:\/\/digitalforyouth.be\/wp-content\/uploads\/2021\/12\/Rectangle-101-1-2.jpg 1016w, https:\/\/digitalforyouth.be\/wp-content\/uploads\/2021\/12\/Rectangle-101-1-2-300x164.jpg 300w, https:\/\/digitalforyouth.be\/wp-content\/uploads\/2021\/12\/Rectangle-101-1-2-768x420.jpg 768w, https:\/\/digitalforyouth.be\/wp-content\/uploads\/2021\/12\/Rectangle-101-1-2-18x10.jpg 18w\" sizes=\"(max-width: 1016px) 100vw, 1016px\" \/>\t\t\t\t\t\t\t\t\t\t\t<figcaption class=\"widget-image-caption wp-caption-text\"><\/figcaption>\n\t\t\t\t\t\t\t\t\t\t<\/figure>\n\t\t\t\t\t\t\t\t\t<\/div>\n\t\t\t\t<\/div>\n\t\t\t\t\t<\/div>\n\t\t<\/div>\n\t\t\t\t\t<\/div>\n\t\t<\/section>\n\t\t\t\t<section class=\"elementor-section elementor-top-section elementor-element elementor-element-3c53a60 elementor-section-boxed elementor-section-height-default elementor-section-height-default\" data-id=\"3c53a60\" data-element_type=\"section\" data-e-type=\"section\">\n\t\t\t\t\t\t<div class=\"elementor-container elementor-column-gap-default\">\n\t\t\t\t\t<div class=\"elementor-column elementor-col-100 elementor-top-column elementor-element elementor-element-b7859cd\" data-id=\"b7859cd\" data-element_type=\"column\" data-e-type=\"column\">\n\t\t\t<div class=\"elementor-widget-wrap elementor-element-populated\">\n\t\t\t\t\t\t<section class=\"elementor-section elementor-inner-section elementor-element elementor-element-7f9a5e8 elementor-section-boxed elementor-section-height-default elementor-section-height-default\" data-id=\"7f9a5e8\" data-element_type=\"section\" data-e-type=\"section\">\n\t\t\t\t\t\t<div class=\"elementor-container elementor-column-gap-default\">\n\t\t\t\t\t<div class=\"elementor-column elementor-col-100 elementor-inner-column elementor-element elementor-element-367fe27\" data-id=\"367fe27\" data-element_type=\"column\" data-e-type=\"column\">\n\t\t\t<div class=\"elementor-widget-wrap elementor-element-populated\">\n\t\t\t\t\t\t<div class=\"elementor-element elementor-element-57e4582 elementor-widget__width-initial elementor-widget elementor-widget-text-editor\" data-id=\"57e4582\" data-element_type=\"widget\" data-e-type=\"widget\" data-widget_type=\"text-editor.default\">\n\t\t\t\t<div class=\"elementor-widget-container\">\n\t\t\t\t\t\t\t\t\t<div><div><p class=\"translation-block\">Source <a href=\"https:\/\/www.leuven2030.be\/verhalen\/digitalforyouthbe-geeft-duizenden-afgedankte-laptops-nieuw-leven?fbclid=IwAR2rogPjPu6WoJwcKPIdR3L3E2XC2ThufudvzesiAyQ1ZbzBw3dY3fDtU7I\" target=\"_blank\" rel=\"noopener\">Leuven2030.be<\/a><\/p><\/div><\/div>\t\t\t\t\t\t\t\t<\/div>\n\t\t\t\t<\/div>\n\t\t\t\t\t<\/div>\n\t\t<\/div>\n\t\t\t\t\t<\/div>\n\t\t<\/section>\n\t\t\t\t\t<\/div>\n\t\t<\/div>\n\t\t\t\t\t<\/div>\n\t\t<\/section>\n\t\t\t\t<\/div>","protected":false},"excerpt":{"rendered":"<p>Les ordinateurs portables ont re\u00e7u une seconde vie dans les mains de personnes qui en ont d\u00e9sesp\u00e9r\u00e9ment besoin.<\/p>","protected":false},"author":9,"featured_media":4715,"comment_status":"open","ping_status":"closed","sticky":false,"template":"","format":"standard","meta":{"_acf_changed":false,"footnotes":""},"categories":[1],"tags":[],"class_list":["post-4713","post","type-post","status-publish","format-standard","has-post-thumbnail","hentry","category-uncategorized"],"acf":[],"yoast_head":"<!-- This site is optimized with the Yoast SEO plugin v27.5 - https:\/\/yoast.com\/product\/yoast-seo-wordpress\/ -->\n<title>Digital for Youth geeft duizenden afgedankte laptops een nieuw leven. - Digital for Youth<\/title>\n<meta name=\"robots\" content=\"index, follow, max-snippet:-1, max-image-preview:large, max-video-preview:-1\" \/>\n<link rel=\"canonical\" href=\"https:\/\/digitalforyouth.be\/fr\/digital-for-youth-donne-une-nouvelle-vie-a-des-milliers-de-ordinateurs-portables-mis-au-rebut\/\" \/>\n<meta property=\"og:locale\" content=\"fr_FR\" \/>\n<meta property=\"og:type\" content=\"article\" \/>\n<meta property=\"og:title\" content=\"Digital for Youth geeft duizenden afgedankte laptops een nieuw leven. - Digital for Youth\" \/>\n<meta property=\"og:description\" content=\"De laptops kregen een tweede leven in de handen van mensen die ze hard nodig hebben.\" \/>\n<meta property=\"og:url\" content=\"https:\/\/digitalforyouth.be\/fr\/digital-for-youth-donne-une-nouvelle-vie-a-des-milliers-de-ordinateurs-portables-mis-au-rebut\/\" \/>\n<meta property=\"og:site_name\" content=\"Digital for Youth\" \/>\n<meta property=\"article:published_time\" content=\"2020-08-24T15:05:36+00:00\" \/>\n<meta property=\"article:modified_time\" content=\"2024-04-15T09:09:10+00:00\" \/>\n<meta property=\"og:image\" content=\"https:\/\/digitalforyouth.be\/wp-content\/uploads\/2021\/12\/WhatsApp-Image-2020-03-23-at-16.31.08.jpeg\" \/>\n\t<meta property=\"og:image:width\" content=\"1024\" \/>\n\t<meta property=\"og:image:height\" content=\"768\" \/>\n\t<meta property=\"og:image:type\" content=\"image\/jpeg\" \/>\n<meta name=\"author\" content=\"Hanne van Studio Han\" \/>\n<meta name=\"twitter:card\" content=\"summary_large_image\" \/>\n<meta name=\"twitter:label1\" content=\"\u00c9crit par\" \/>\n\t<meta name=\"twitter:data1\" content=\"Hanne van Studio Han\" \/>\n\t<meta name=\"twitter:label2\" content=\"Dur\u00e9e de lecture est.\" \/>\n\t<meta name=\"twitter:data2\" content=\"6 minutes\" \/>\n<script type=\"application\/ld+json\" class=\"yoast-schema-graph\">{\"@context\":\"https:\\\/\\\/schema.org\",\"@graph\":[{\"@type\":\"Article\",\"@id\":\"https:\\\/\\\/digitalforyouth.be\\\/digital-for-youth-geeft-duizenden-afgedankte-laptops-een-nieuw-leven\\\/#article\",\"isPartOf\":{\"@id\":\"https:\\\/\\\/digitalforyouth.be\\\/digital-for-youth-geeft-duizenden-afgedankte-laptops-een-nieuw-leven\\\/\"},\"author\":{\"name\":\"Hanne van Studio Han\",\"@id\":\"https:\\\/\\\/digitalforyouth.be\\\/#\\\/schema\\\/person\\\/56312b7d21c18503355df13afddaffc0\"},\"headline\":\"Digital for Youth geeft duizenden afgedankte laptops een nieuw leven.\",\"datePublished\":\"2020-08-24T15:05:36+00:00\",\"dateModified\":\"2024-04-15T09:09:10+00:00\",\"mainEntityOfPage\":{\"@id\":\"https:\\\/\\\/digitalforyouth.be\\\/digital-for-youth-geeft-duizenden-afgedankte-laptops-een-nieuw-leven\\\/\"},\"wordCount\":920,\"commentCount\":0,\"image\":{\"@id\":\"https:\\\/\\\/digitalforyouth.be\\\/digital-for-youth-geeft-duizenden-afgedankte-laptops-een-nieuw-leven\\\/#primaryimage\"},\"thumbnailUrl\":\"https:\\\/\\\/digitalforyouth.be\\\/wp-content\\\/uploads\\\/2021\\\/12\\\/WhatsApp-Image-2020-03-23-at-16.31.08.jpeg\",\"articleSection\":[\"Uncategorized\"],\"inLanguage\":\"fr-BE\"},{\"@type\":\"WebPage\",\"@id\":\"https:\\\/\\\/digitalforyouth.be\\\/digital-for-youth-geeft-duizenden-afgedankte-laptops-een-nieuw-leven\\\/\",\"url\":\"https:\\\/\\\/digitalforyouth.be\\\/digital-for-youth-geeft-duizenden-afgedankte-laptops-een-nieuw-leven\\\/\",\"name\":\"Digital for Youth geeft duizenden afgedankte laptops een nieuw leven. - Digital for Youth\",\"isPartOf\":{\"@id\":\"https:\\\/\\\/digitalforyouth.be\\\/#website\"},\"primaryImageOfPage\":{\"@id\":\"https:\\\/\\\/digitalforyouth.be\\\/digital-for-youth-geeft-duizenden-afgedankte-laptops-een-nieuw-leven\\\/#primaryimage\"},\"image\":{\"@id\":\"https:\\\/\\\/digitalforyouth.be\\\/digital-for-youth-geeft-duizenden-afgedankte-laptops-een-nieuw-leven\\\/#primaryimage\"},\"thumbnailUrl\":\"https:\\\/\\\/digitalforyouth.be\\\/wp-content\\\/uploads\\\/2021\\\/12\\\/WhatsApp-Image-2020-03-23-at-16.31.08.jpeg\",\"datePublished\":\"2020-08-24T15:05:36+00:00\",\"dateModified\":\"2024-04-15T09:09:10+00:00\",\"author\":{\"@id\":\"https:\\\/\\\/digitalforyouth.be\\\/#\\\/schema\\\/person\\\/56312b7d21c18503355df13afddaffc0\"},\"breadcrumb\":{\"@id\":\"https:\\\/\\\/digitalforyouth.be\\\/digital-for-youth-geeft-duizenden-afgedankte-laptops-een-nieuw-leven\\\/#breadcrumb\"},\"inLanguage\":\"fr-BE\",\"potentialAction\":[{\"@type\":\"ReadAction\",\"target\":[\"https:\\\/\\\/digitalforyouth.be\\\/digital-for-youth-geeft-duizenden-afgedankte-laptops-een-nieuw-leven\\\/\"]}]},{\"@type\":\"ImageObject\",\"inLanguage\":\"fr-BE\",\"@id\":\"https:\\\/\\\/digitalforyouth.be\\\/digital-for-youth-geeft-duizenden-afgedankte-laptops-een-nieuw-leven\\\/#primaryimage\",\"url\":\"https:\\\/\\\/digitalforyouth.be\\\/wp-content\\\/uploads\\\/2021\\\/12\\\/WhatsApp-Image-2020-03-23-at-16.31.08.jpeg\",\"contentUrl\":\"https:\\\/\\\/digitalforyouth.be\\\/wp-content\\\/uploads\\\/2021\\\/12\\\/WhatsApp-Image-2020-03-23-at-16.31.08.jpeg\",\"width\":1024,\"height\":768},{\"@type\":\"BreadcrumbList\",\"@id\":\"https:\\\/\\\/digitalforyouth.be\\\/digital-for-youth-geeft-duizenden-afgedankte-laptops-een-nieuw-leven\\\/#breadcrumb\",\"itemListElement\":[{\"@type\":\"ListItem\",\"position\":1,\"name\":\"Home\",\"item\":\"https:\\\/\\\/digitalforyouth.be\\\/\"},{\"@type\":\"ListItem\",\"position\":2,\"name\":\"Digital for Youth geeft duizenden afgedankte laptops een nieuw leven.\"}]},{\"@type\":\"WebSite\",\"@id\":\"https:\\\/\\\/digitalforyouth.be\\\/#website\",\"url\":\"https:\\\/\\\/digitalforyouth.be\\\/\",\"name\":\"Digital for Youth\",\"description\":\"\",\"potentialAction\":[{\"@type\":\"SearchAction\",\"target\":{\"@type\":\"EntryPoint\",\"urlTemplate\":\"https:\\\/\\\/digitalforyouth.be\\\/?s={search_term_string}\"},\"query-input\":{\"@type\":\"PropertyValueSpecification\",\"valueRequired\":true,\"valueName\":\"search_term_string\"}}],\"inLanguage\":\"fr-BE\"},{\"@type\":\"Person\",\"@id\":\"https:\\\/\\\/digitalforyouth.be\\\/#\\\/schema\\\/person\\\/56312b7d21c18503355df13afddaffc0\",\"name\":\"Hanne van Studio Han\",\"image\":{\"@type\":\"ImageObject\",\"inLanguage\":\"fr-BE\",\"@id\":\"https:\\\/\\\/secure.gravatar.com\\\/avatar\\\/7582471e15bf0eecdfb0441146d7a7f557fe966af4586e5b594c3bd3fd2f9335?s=96&d=mm&r=g\",\"url\":\"https:\\\/\\\/secure.gravatar.com\\\/avatar\\\/7582471e15bf0eecdfb0441146d7a7f557fe966af4586e5b594c3bd3fd2f9335?s=96&d=mm&r=g\",\"contentUrl\":\"https:\\\/\\\/secure.gravatar.com\\\/avatar\\\/7582471e15bf0eecdfb0441146d7a7f557fe966af4586e5b594c3bd3fd2f9335?s=96&d=mm&r=g\",\"caption\":\"Hanne van Studio Han\"}}]}<\/script>\n<!-- \/ Yoast SEO plugin. -->","yoast_head_json":{"title":"Digital for Youth geeft duizenden afgedankte laptops een nieuw leven. - Digital for Youth","robots":{"index":"index","follow":"follow","max-snippet":"max-snippet:-1","max-image-preview":"max-image-preview:large","max-video-preview":"max-video-preview:-1"},"canonical":"https:\/\/digitalforyouth.be\/fr\/digital-for-youth-donne-une-nouvelle-vie-a-des-milliers-de-ordinateurs-portables-mis-au-rebut\/","og_locale":"fr_FR","og_type":"article","og_title":"Digital for Youth geeft duizenden afgedankte laptops een nieuw leven. - Digital for Youth","og_description":"De laptops kregen een tweede leven in de handen van mensen die ze hard nodig hebben.","og_url":"https:\/\/digitalforyouth.be\/fr\/digital-for-youth-donne-une-nouvelle-vie-a-des-milliers-de-ordinateurs-portables-mis-au-rebut\/","og_site_name":"Digital for Youth","article_published_time":"2020-08-24T15:05:36+00:00","article_modified_time":"2024-04-15T09:09:10+00:00","og_image":[{"width":1024,"height":768,"url":"https:\/\/digitalforyouth.be\/wp-content\/uploads\/2021\/12\/WhatsApp-Image-2020-03-23-at-16.31.08.jpeg","type":"image\/jpeg"}],"author":"Hanne van Studio Han","twitter_card":"summary_large_image","twitter_misc":{"\u00c9crit par":"Hanne van Studio Han","Dur\u00e9e de lecture est.":"6 minutes"},"schema":{"@context":"https:\/\/schema.org","@graph":[{"@type":"Article","@id":"https:\/\/digitalforyouth.be\/digital-for-youth-geeft-duizenden-afgedankte-laptops-een-nieuw-leven\/#article","isPartOf":{"@id":"https:\/\/digitalforyouth.be\/digital-for-youth-geeft-duizenden-afgedankte-laptops-een-nieuw-leven\/"},"author":{"name":"Hanne van Studio Han","@id":"https:\/\/digitalforyouth.be\/#\/schema\/person\/56312b7d21c18503355df13afddaffc0"},"headline":"Digital for Youth geeft duizenden afgedankte laptops een nieuw leven.","datePublished":"2020-08-24T15:05:36+00:00","dateModified":"2024-04-15T09:09:10+00:00","mainEntityOfPage":{"@id":"https:\/\/digitalforyouth.be\/digital-for-youth-geeft-duizenden-afgedankte-laptops-een-nieuw-leven\/"},"wordCount":920,"commentCount":0,"image":{"@id":"https:\/\/digitalforyouth.be\/digital-for-youth-geeft-duizenden-afgedankte-laptops-een-nieuw-leven\/#primaryimage"},"thumbnailUrl":"https:\/\/digitalforyouth.be\/wp-content\/uploads\/2021\/12\/WhatsApp-Image-2020-03-23-at-16.31.08.jpeg","articleSection":["Uncategorized"],"inLanguage":"fr-BE"},{"@type":"WebPage","@id":"https:\/\/digitalforyouth.be\/digital-for-youth-geeft-duizenden-afgedankte-laptops-een-nieuw-leven\/","url":"https:\/\/digitalforyouth.be\/digital-for-youth-geeft-duizenden-afgedankte-laptops-een-nieuw-leven\/","name":"Digital for Youth geeft duizenden afgedankte laptops een nieuw leven. - Digital for Youth","isPartOf":{"@id":"https:\/\/digitalforyouth.be\/#website"},"primaryImageOfPage":{"@id":"https:\/\/digitalforyouth.be\/digital-for-youth-geeft-duizenden-afgedankte-laptops-een-nieuw-leven\/#primaryimage"},"image":{"@id":"https:\/\/digitalforyouth.be\/digital-for-youth-geeft-duizenden-afgedankte-laptops-een-nieuw-leven\/#primaryimage"},"thumbnailUrl":"https:\/\/digitalforyouth.be\/wp-content\/uploads\/2021\/12\/WhatsApp-Image-2020-03-23-at-16.31.08.jpeg","datePublished":"2020-08-24T15:05:36+00:00","dateModified":"2024-04-15T09:09:10+00:00","author":{"@id":"https:\/\/digitalforyouth.be\/#\/schema\/person\/56312b7d21c18503355df13afddaffc0"},"breadcrumb":{"@id":"https:\/\/digitalforyouth.be\/digital-for-youth-geeft-duizenden-afgedankte-laptops-een-nieuw-leven\/#breadcrumb"},"inLanguage":"fr-BE","potentialAction":[{"@type":"ReadAction","target":["https:\/\/digitalforyouth.be\/digital-for-youth-geeft-duizenden-afgedankte-laptops-een-nieuw-leven\/"]}]},{"@type":"ImageObject","inLanguage":"fr-BE","@id":"https:\/\/digitalforyouth.be\/digital-for-youth-geeft-duizenden-afgedankte-laptops-een-nieuw-leven\/#primaryimage","url":"https:\/\/digitalforyouth.be\/wp-content\/uploads\/2021\/12\/WhatsApp-Image-2020-03-23-at-16.31.08.jpeg","contentUrl":"https:\/\/digitalforyouth.be\/wp-content\/uploads\/2021\/12\/WhatsApp-Image-2020-03-23-at-16.31.08.jpeg","width":1024,"height":768},{"@type":"BreadcrumbList","@id":"https:\/\/digitalforyouth.be\/digital-for-youth-geeft-duizenden-afgedankte-laptops-een-nieuw-leven\/#breadcrumb","itemListElement":[{"@type":"ListItem","position":1,"name":"Home","item":"https:\/\/digitalforyouth.be\/"},{"@type":"ListItem","position":2,"name":"Digital for Youth geeft duizenden afgedankte laptops een nieuw leven."}]},{"@type":"WebSite","@id":"https:\/\/digitalforyouth.be\/#website","url":"https:\/\/digitalforyouth.be\/","name":"Digital for Youth","description":"","potentialAction":[{"@type":"SearchAction","target":{"@type":"EntryPoint","urlTemplate":"https:\/\/digitalforyouth.be\/?s={search_term_string}"},"query-input":{"@type":"PropertyValueSpecification","valueRequired":true,"valueName":"search_term_string"}}],"inLanguage":"fr-BE"},{"@type":"Person","@id":"https:\/\/digitalforyouth.be\/#\/schema\/person\/56312b7d21c18503355df13afddaffc0","name":"Hanne van Studio Han","image":{"@type":"ImageObject","inLanguage":"fr-BE","@id":"https:\/\/secure.gravatar.com\/avatar\/7582471e15bf0eecdfb0441146d7a7f557fe966af4586e5b594c3bd3fd2f9335?s=96&d=mm&r=g","url":"https:\/\/secure.gravatar.com\/avatar\/7582471e15bf0eecdfb0441146d7a7f557fe966af4586e5b594c3bd3fd2f9335?s=96&d=mm&r=g","contentUrl":"https:\/\/secure.gravatar.com\/avatar\/7582471e15bf0eecdfb0441146d7a7f557fe966af4586e5b594c3bd3fd2f9335?s=96&d=mm&r=g","caption":"Hanne van Studio Han"}}]}},"_links":{"self":[{"href":"https:\/\/digitalforyouth.be\/fr\/wp-json\/wp\/v2\/posts\/4713","targetHints":{"allow":["GET"]}}],"collection":[{"href":"https:\/\/digitalforyouth.be\/fr\/wp-json\/wp\/v2\/posts"}],"about":[{"href":"https:\/\/digitalforyouth.be\/fr\/wp-json\/wp\/v2\/types\/post"}],"author":[{"embeddable":true,"href":"https:\/\/digitalforyouth.be\/fr\/wp-json\/wp\/v2\/users\/9"}],"replies":[{"embeddable":true,"href":"https:\/\/digitalforyouth.be\/fr\/wp-json\/wp\/v2\/comments?post=4713"}],"version-history":[{"count":5,"href":"https:\/\/digitalforyouth.be\/fr\/wp-json\/wp\/v2\/posts\/4713\/revisions"}],"predecessor-version":[{"id":10308,"href":"https:\/\/digitalforyouth.be\/fr\/wp-json\/wp\/v2\/posts\/4713\/revisions\/10308"}],"wp:featuredmedia":[{"embeddable":true,"href":"https:\/\/digitalforyouth.be\/fr\/wp-json\/wp\/v2\/media\/4715"}],"wp:attachment":[{"href":"https:\/\/digitalforyouth.be\/fr\/wp-json\/wp\/v2\/media?parent=4713"}],"wp:term":[{"taxonomy":"category","embeddable":true,"href":"https:\/\/digitalforyouth.be\/fr\/wp-json\/wp\/v2\/categories?post=4713"},{"taxonomy":"post_tag","embeddable":true,"href":"https:\/\/digitalforyouth.be\/fr\/wp-json\/wp\/v2\/tags?post=4713"}],"curies":[{"name":"wp","href":"https:\/\/api.w.org\/{rel}","templated":true}]}}